{"id":5404,"date":"2021-01-22T11:32:48","date_gmt":"2021-01-22T10:32:48","guid":{"rendered":"https:\/\/vreina.smartown.es\/?p=5404"},"modified":"2021-01-25T12:44:45","modified_gmt":"2021-01-25T11:44:45","slug":"rehabilitacion-de-viviendas","status":"publish","type":"post","link":"https:\/\/vreina.smartown.es\/rehabilitacion-de-viviendas\/","title":{"rendered":"REHABILITACI\u00d3N DE VIVIENDAS"},"content":{"rendered":"\n<div class=\"wp-block-file\"><a href=\"https:\/\/vreina.smartown.es\/wp-content\/uploads\/2021\/01\/Bando-rehabilitaci\u00f3n-de-la-vivienta-2021.pdf\">Rehabilitaci\u00f3n de la vivienda 2021<\/a><a href=\"https:\/\/vreina.smartown.es\/wp-content\/uploads\/2021\/01\/Bando-rehabilitaci\u00f3n-de-la-vivienta-2021.pdf\" class=\"wp-block-file__button\" download>Descargar<\/a><\/div>\n\n\n\n<p> La Consejer\u00eda de Fomento ha convocado subvenciones para la realizaci\u00f3n de actuaciones acogidas al Programa de Rehabilitaci\u00f3n de Viviendas que constituyan la residencia habitual y permanente, con objeto de fomentar la rehabilitaci\u00f3n de viviendas con deficiencias b\u00e1sicas, contribuyendo a financiar las actuaciones que resulten necesarias para subsanarlas y mejorar sus condiciones de accesibilidad y eficiencia energ\u00e9tica, cuyas bases reguladoras se aprobaron mediante\u00a0<a href=\"https:\/\/www.juntadeandalucia.es\/boja\/2019\/12\/4\" target=\"_blank\" rel=\"noreferrer noopener\" aria-label=\" (abre en una nueva pesta\u00f1a)\">Orden de 14 de enero de 2019<\/a>. <\/p>\n\n\n\n<p>Para m\u00e1s informaci\u00f3n pincha en el siguiente enlace:<\/p>\n\n\n\n<p><a href=\"https:\/\/www.juntadeandalucia.es\/organismos\/fomentoinfraestructurasyordenaciondelterritorio\/areas\/vivienda-rehabilitacion\/rehabilitacion\/paginas\/rehabilitacionviviendas.html\" target=\"_blank\" rel=\"noreferrer noopener\" aria-label=\" (abre en una nueva pesta\u00f1a)\">https:\/\/www.juntadeandalucia.es\/organismos\/fomentoinfraestructurasyordenaciondelterritorio\/areas\/vivienda-rehabilitacion\/rehabilitacion\/paginas\/rehabilitacionviviendas.html<\/a><\/p>\n\n\n\n<p>ANEXO I:<\/p>\n\n\n\n<p><a rel=\"noreferrer noopener\" aria-label=\" (abre en una nueva pesta\u00f1a)\" href=\"https:\/\/www.juntadeandalucia.es\/export\/drupaljda\/002967_a00_v01_00_viviendas.pdf\" target=\"_blank\">https:\/\/www.juntadeandalucia.es\/export\/drupaljda\/002967_a00_v01_00_viviendas.pdf<\/a><\/p>\n\n\n\n<p>INFORME T\u00c9CNICO:<\/p>\n\n\n\n<p><a href=\"https:\/\/www.juntadeandalucia.es\/export\/drupaljda\/informe_tecnico_viviendas_2020.pdf\" target=\"_blank\" rel=\"noreferrer noopener\" aria-label=\" (abre en una nueva pesta\u00f1a)\">https:\/\/www.juntadeandalucia.es\/export\/drupaljda\/informe_tecnico_viviendas_2020.pdf<\/a><\/p>\n\n\n\n<p>ANEXO II:<\/p>\n\n\n\n<p><a href=\"https:\/\/www.juntadeandalucia.es\/export\/drupaljda\/002967_a01_v02-00_viviendas.pdf\" target=\"_blank\" rel=\"noreferrer noopener\" aria-label=\" (abre en una nueva pesta\u00f1a)\">https:\/\/www.juntadeandalucia.es\/export\/drupaljda\/002967_a01_v02-00_viviendas.pdf<\/a><\/p>\n","protected":false},"excerpt":{"rendered":"<p>La Consejer\u00eda de Fomento ha convocado subvenciones para la realizaci\u00f3n de actuaciones acogidas al Programa de Rehabilitaci\u00f3n de Viviendas que constituyan la residencia habitual y permanente, con objeto de fomentar la rehabilitaci\u00f3n de viviendas con deficiencias b\u00e1sicas, contribuyendo a financiar las actuaciones que resulten necesarias para subsanarlas y mejorar sus condiciones de accesibilidad y eficiencia [&hellip;]<\/p>\n","protected":false},"author":43,"featured_media":5406,"comment_status":"open","ping_status":"open","sticky":false,"template":"","format":"standard","meta":[],"categories":[1],"tags":[],"_links":{"self":[{"href":"https:\/\/vreina.smartown.es\/SI2API\/wp\/v2\/posts\/5404"}],"collection":[{"href":"https:\/\/vreina.smartown.es\/SI2API\/wp\/v2\/posts"}],"about":[{"href":"https:\/\/vreina.smartown.es\/SI2API\/wp\/v2\/types\/post"}],"author":[{"embeddable":true,"href":"https:\/\/vreina.smartown.es\/SI2API\/wp\/v2\/users\/43"}],"replies":[{"embeddable":true,"href":"https:\/\/vreina.smartown.es\/SI2API\/wp\/v2\/comments?post=5404"}],"version-history":[{"count":5,"href":"https:\/\/vreina.smartown.es\/SI2API\/wp\/v2\/posts\/5404\/revisions"}],"predecessor-version":[{"id":5418,"href":"https:\/\/vreina.smartown.es\/SI2API\/wp\/v2\/posts\/5404\/revisions\/5418"}],"wp:featuredmedia":[{"embeddable":true,"href":"https:\/\/vreina.smartown.es\/SI2API\/wp\/v2\/media\/5406"}],"wp:attachment":[{"href":"https:\/\/vreina.smartown.es\/SI2API\/wp\/v2\/media?parent=5404"}],"wp:term":[{"taxonomy":"category","embeddable":true,"href":"https:\/\/vreina.smartown.es\/SI2API\/wp\/v2\/categories?post=5404"},{"taxonomy":"post_tag","embeddable":true,"href":"https:\/\/vreina.smartown.es\/SI2API\/wp\/v2\/tags?post=5404"}],"curies":[{"name":"wp","href":"https:\/\/api.w.org\/{rel}","templated":true}]}}