{"id":5466,"date":"2021-02-04T11:25:54","date_gmt":"2021-02-04T10:25:54","guid":{"rendered":"https:\/\/vreina.smartown.es\/?p=5466"},"modified":"2021-02-04T11:26:05","modified_gmt":"2021-02-04T10:26:05","slug":"formacion-para-15-villanoveros-en-el-sector-asistencial","status":"publish","type":"post","link":"https:\/\/vreina.smartown.es\/formacion-para-15-villanoveros-en-el-sector-asistencial\/","title":{"rendered":"Formaci\u00f3n para 15 villanoveros en el sector asistencial"},"content":{"rendered":"\n<p><em>*Nota aclaratoria: la fotograf\u00eda corresponde con la sesi\u00f3n inaugural del curso en Febrero de 2020, antes de la pandemia. <\/em><\/p>\n\n\n\n<p><strong>El ayuntamiento del municipio promueve esta acci\u00f3n formativa que permite dar las herramientas a estos 15 desempleados para adentrarse en el mercado laboral en el sector socio-sanitario<\/strong><\/p>\n\n\n\n<figure class=\"wp-block-image\"><img loading=\"lazy\" width=\"1024\" height=\"768\" src=\"https:\/\/vreina.smartown.es\/wp-content\/uploads\/2021\/02\/WhatsApp-Image-2021-02-02-at-16.13.16-1024x768.jpeg\" alt=\"\" class=\"wp-image-5467\" srcset=\"https:\/\/vreina.smartown.es\/wp-content\/uploads\/2021\/02\/WhatsApp-Image-2021-02-02-at-16.13.16.jpeg 1024w, https:\/\/vreina.smartown.es\/wp-content\/uploads\/2021\/02\/WhatsApp-Image-2021-02-02-at-16.13.16-300x225.jpeg 300w, https:\/\/vreina.smartown.es\/wp-content\/uploads\/2021\/02\/WhatsApp-Image-2021-02-02-at-16.13.16-768x576.jpeg 768w, https:\/\/vreina.smartown.es\/wp-content\/uploads\/2021\/02\/WhatsApp-Image-2021-02-02-at-16.13.16-640x480.jpeg 640w\" sizes=\"(max-width: 639px) 98vw, (max-width: 1199px) 64vw, 770px\" \/><\/figure>\n\n\n\n<p>Termina la formaci\u00f3n para un grupo de villanoveros y villanoveras que durante los \u00faltimos meses han participado en un curso muy amplio para capacitarlos de cara a adentrarse en el mercado laboral, en concreto en el sector sociosanitario. <\/p>\n\n\n\n<p>En total han sido 15 alumnos (14 mujeres y un hombre) de entre 24 y 48 a\u00f1os de edad que concluyen as\u00ed un curso que ha tenido una duraci\u00f3n de 100 horas, divididas en dos partes, una parte online  de 88 horas y una parte presencial de 12 horas.<\/p>\n\n\n\n<p>Para el alcalde del municipio, Blas Alves, \u00abla puesta en marcha de este programa, ha permitido especializar a un grupo de personas de la  localidad en el sector asistencial, lo cual supone un aumento del valor competitivo del mercado  laboral local y se ha aumentado la empleabilidad de la poblaci\u00f3n participante tanto por cuenta propia como ajena\u00bb.  Adem\u00e1s, se han potenciado los servicios prestados en la asistencia a personas dependientes, un segmento poblacional que requiere cuidados especiales que garanticen la inclusi\u00f3n con el  resto de la poblaci\u00f3n<\/p>\n\n\n\n<p><\/p>\n","protected":false},"excerpt":{"rendered":"<p>*Nota aclaratoria: la fotograf\u00eda corresponde con la sesi\u00f3n inaugural del curso en Febrero de 2020, antes de la pandemia. El ayuntamiento del municipio promueve esta acci\u00f3n formativa que permite dar las herramientas a estos 15 desempleados para adentrarse en el mercado laboral en el sector socio-sanitario Termina la formaci\u00f3n para un grupo de villanoveros y [&hellip;]<\/p>\n","protected":false},"author":48,"featured_media":5467,"comment_status":"open","ping_status":"open","sticky":false,"template":"","format":"standard","meta":[],"categories":[1],"tags":[],"_links":{"self":[{"href":"https:\/\/vreina.smartown.es\/SI2API\/wp\/v2\/posts\/5466"}],"collection":[{"href":"https:\/\/vreina.smartown.es\/SI2API\/wp\/v2\/posts"}],"about":[{"href":"https:\/\/vreina.smartown.es\/SI2API\/wp\/v2\/types\/post"}],"author":[{"embeddable":true,"href":"https:\/\/vreina.smartown.es\/SI2API\/wp\/v2\/users\/48"}],"replies":[{"embeddable":true,"href":"https:\/\/vreina.smartown.es\/SI2API\/wp\/v2\/comments?post=5466"}],"version-history":[{"count":1,"href":"https:\/\/vreina.smartown.es\/SI2API\/wp\/v2\/posts\/5466\/revisions"}],"predecessor-version":[{"id":5468,"href":"https:\/\/vreina.smartown.es\/SI2API\/wp\/v2\/posts\/5466\/revisions\/5468"}],"wp:featuredmedia":[{"embeddable":true,"href":"https:\/\/vreina.smartown.es\/SI2API\/wp\/v2\/media\/5467"}],"wp:attachment":[{"href":"https:\/\/vreina.smartown.es\/SI2API\/wp\/v2\/media?parent=5466"}],"wp:term":[{"taxonomy":"category","embeddable":true,"href":"https:\/\/vreina.smartown.es\/SI2API\/wp\/v2\/categories?post=5466"},{"taxonomy":"post_tag","embeddable":true,"href":"https:\/\/vreina.smartown.es\/SI2API\/wp\/v2\/tags?post=5466"}],"curies":[{"name":"wp","href":"https:\/\/api.w.org\/{rel}","templated":true}]}}