{"id":5516,"date":"2021-02-22T13:12:12","date_gmt":"2021-02-22T12:12:12","guid":{"rendered":"https:\/\/vreina.smartown.es\/?p=5516"},"modified":"2021-02-22T16:11:47","modified_gmt":"2021-02-22T15:11:47","slug":"carnaval-2021","status":"publish","type":"post","link":"https:\/\/vreina.smartown.es\/carnaval-2021\/","title":{"rendered":"CARNAVAL 2021"},"content":{"rendered":"\n<figure class=\"wp-block-image is-resized\"><img loading=\"lazy\" src=\"https:\/\/vreina.smartown.es\/wp-content\/uploads\/2021\/02\/LOGO-CARNAVAL-2021.-1.png\" alt=\"\" class=\"wp-image-5535\" width=\"546\" height=\"219\" srcset=\"https:\/\/vreina.smartown.es\/wp-content\/uploads\/2021\/02\/LOGO-CARNAVAL-2021.-1.png 448w, https:\/\/vreina.smartown.es\/wp-content\/uploads\/2021\/02\/LOGO-CARNAVAL-2021.-1-300x121.png 300w\" sizes=\"(max-width: 639px) 98vw, (max-width: 1199px) 64vw, 546px\" \/><\/figure>\n\n\n\n<p>En un a\u00f1o tan at\u00edpico como este, en el que los diferentes evento culturales se est\u00e1n viendo afectados por la pandemia del COVID-19, no pod\u00edamos dejar pasar la oportunidad de celebrar nuestro tradicional carnaval.<\/p>\n\n\n\n<p>En nuestro pueblo, en un a\u00f1o normal,  se suele celebrar el carnaval en estas fecha, por eso durante estos d\u00edas, se ir\u00e1n mostrando fragmentos de las distintas agrupaciones que han conformado la trayectoria de esta tradicional fiesta en Villanueva de la Reina.<\/p>\n\n\n\n<p>Aunque adapt\u00e1ndonos a los tiempos que corren y de diferente manera, nuestros villanoveros y villanoveras han querido sumarse a esta celebraci\u00f3n para sacarnos una sonrisa y alguna que otra carcajada. Y para muestra, estos dos cuartetos que haciendo uso de su ingenio han venido dispuestos a hacernos pasar un buen rato.<\/p>\n\n\n\n<p>Cuarteto \u00abcomo una cabra\u00bb: \u00abA MAR REVUELTO, BUENA CARA\u00bb<\/p>\n\n\n\n<p><a href=\"https:\/\/www.facebook.com\/100027862521134\/videos\/589649635307115\/\">https:\/\/www.facebook.com\/100027862521134\/videos\/589649635307115\/<\/a><\/p>\n\n\n\n<p>Cuarteto \u00absin prisa\u00bb: \u00abEL VIRUS LO ESPARCIMOS ENTRE TODOS\u00bb<\/p>\n\n\n\n<figure class=\"wp-block-embed-youtube wp-block-embed is-type-video is-provider-youtube wp-embed-aspect-16-9 wp-has-aspect-ratio\"><div class=\"wp-block-embed__wrapper\">\n<div class=\"responsive-embed widescreen\"><iframe loading=\"lazy\" width=\"500\" height=\"281\" src=\"https:\/\/www.youtube.com\/embed\/xWQY6y3lubM?feature=oembed\" frameborder=\"0\" allow=\"accelerometer; autoplay; clipboard-write; encrypted-media; gyroscope; picture-in-picture\" allowfullscreen><\/iframe><\/div>\n<\/div><\/figure>\n\n\n\n<p>Y por \u00faltimo, sin m\u00e1s \u00e1nimo que el de hacer disfrutar a nuestros paisanos,  los premios del concurso de disfraces:<\/p>\n\n\n\n<ul class=\"wp-container-2 wp-block-gallery-1 wp-block-gallery columns-3 is-cropped\"><li class=\"blocks-gallery-item\"><figure><img loading=\"lazy\" width=\"1024\" height=\"517\" src=\"https:\/\/vreina.smartown.es\/wp-content\/uploads\/2021\/02\/RESIDENCIA-DE-MAYORES-REINA-SOF\u00cdA-1-1024x517.jpg\" alt=\"\" data-id=\"5517\" class=\"wp-image-5517\" srcset=\"https:\/\/vreina.smartown.es\/wp-content\/uploads\/2021\/02\/RESIDENCIA-DE-MAYORES-REINA-SOF\u00cdA-1-1024x517.jpg 1024w, https:\/\/vreina.smartown.es\/wp-content\/uploads\/2021\/02\/RESIDENCIA-DE-MAYORES-REINA-SOF\u00cdA-1-300x151.jpg 300w, https:\/\/vreina.smartown.es\/wp-content\/uploads\/2021\/02\/RESIDENCIA-DE-MAYORES-REINA-SOF\u00cdA-1-768x388.jpg 768w, https:\/\/vreina.smartown.es\/wp-content\/uploads\/2021\/02\/RESIDENCIA-DE-MAYORES-REINA-SOF\u00cdA-1-640x323.jpg 640w, https:\/\/vreina.smartown.es\/wp-content\/uploads\/2021\/02\/RESIDENCIA-DE-MAYORES-REINA-SOF\u00cdA-1-1200x606.jpg 1200w, https:\/\/vreina.smartown.es\/wp-content\/uploads\/2021\/02\/RESIDENCIA-DE-MAYORES-REINA-SOF\u00cdA-1.jpg 1288w\" sizes=\"(max-width: 639px) 98vw, (max-width: 1199px) 64vw, 770px\" \/><\/figure><\/li><li class=\"blocks-gallery-item\"><figure><img loading=\"lazy\" width=\"589\" height=\"790\" src=\"https:\/\/vreina.smartown.es\/wp-content\/uploads\/2021\/02\/FAMILIA-CASADO-G\u00d3MEZ-1.jpg\" alt=\"\" data-id=\"5519\" data-link=\"https:\/\/vreina.smartown.es\/?attachment_id=5519\" class=\"wp-image-5519\" srcset=\"https:\/\/vreina.smartown.es\/wp-content\/uploads\/2021\/02\/FAMILIA-CASADO-G\u00d3MEZ-1.jpg 589w, https:\/\/vreina.smartown.es\/wp-content\/uploads\/2021\/02\/FAMILIA-CASADO-G\u00d3MEZ-1-224x300.jpg 224w\" sizes=\"(max-width: 639px) 98vw, (max-width: 1199px) 64vw, 589px\" \/><\/figure><\/li><li class=\"blocks-gallery-item\"><figure><img loading=\"lazy\" width=\"1024\" height=\"804\" src=\"https:\/\/vreina.smartown.es\/wp-content\/uploads\/2021\/02\/PERDIDOS-EN-EL-ESPACIO-1-1024x804.jpg\" alt=\"\" data-id=\"5523\" data-link=\"https:\/\/vreina.smartown.es\/?attachment_id=5523\" class=\"wp-image-5523\" srcset=\"https:\/\/vreina.smartown.es\/wp-content\/uploads\/2021\/02\/PERDIDOS-EN-EL-ESPACIO-1-1024x804.jpg 1024w, https:\/\/vreina.smartown.es\/wp-content\/uploads\/2021\/02\/PERDIDOS-EN-EL-ESPACIO-1-300x236.jpg 300w, https:\/\/vreina.smartown.es\/wp-content\/uploads\/2021\/02\/PERDIDOS-EN-EL-ESPACIO-1-768x603.jpg 768w, https:\/\/vreina.smartown.es\/wp-content\/uploads\/2021\/02\/PERDIDOS-EN-EL-ESPACIO-1-640x503.jpg 640w, https:\/\/vreina.smartown.es\/wp-content\/uploads\/2021\/02\/PERDIDOS-EN-EL-ESPACIO-1.jpg 1049w\" sizes=\"(max-width: 639px) 98vw, (max-width: 1199px) 64vw, 770px\" \/><\/figure><\/li><li class=\"blocks-gallery-item\"><figure><img loading=\"lazy\" width=\"434\" height=\"772\" src=\"https:\/\/vreina.smartown.es\/wp-content\/uploads\/2021\/02\/ISABEL-POLO-NEGRILLO-2.jpg\" alt=\"\" data-id=\"5526\" data-link=\"https:\/\/vreina.smartown.es\/?attachment_id=5526\" class=\"wp-image-5526\" srcset=\"https:\/\/vreina.smartown.es\/wp-content\/uploads\/2021\/02\/ISABEL-POLO-NEGRILLO-2.jpg 434w, https:\/\/vreina.smartown.es\/wp-content\/uploads\/2021\/02\/ISABEL-POLO-NEGRILLO-2-169x300.jpg 169w\" sizes=\"(max-width: 639px) 98vw, (max-width: 1199px) 64vw, 434px\" \/><\/figure><\/li><li class=\"blocks-gallery-item\"><figure><img loading=\"lazy\" width=\"647\" height=\"863\" src=\"https:\/\/vreina.smartown.es\/wp-content\/uploads\/2021\/02\/SALVADOR-JIM\u00c9NEZ-GUTI\u00c9RREZ-3.jpg\" alt=\"\" data-id=\"5527\" data-link=\"https:\/\/vreina.smartown.es\/?attachment_id=5527\" class=\"wp-image-5527\" srcset=\"https:\/\/vreina.smartown.es\/wp-content\/uploads\/2021\/02\/SALVADOR-JIM\u00c9NEZ-GUTI\u00c9RREZ-3.jpg 647w, https:\/\/vreina.smartown.es\/wp-content\/uploads\/2021\/02\/SALVADOR-JIM\u00c9NEZ-GUTI\u00c9RREZ-3-225x300.jpg 225w, https:\/\/vreina.smartown.es\/wp-content\/uploads\/2021\/02\/SALVADOR-JIM\u00c9NEZ-GUTI\u00c9RREZ-3-640x854.jpg 640w\" sizes=\"(max-width: 639px) 98vw, (max-width: 1199px) 64vw, 647px\" \/><\/figure><\/li><li class=\"blocks-gallery-item\"><figure><img loading=\"lazy\" width=\"768\" height=\"1024\" src=\"https:\/\/vreina.smartown.es\/wp-content\/uploads\/2021\/02\/MIGUEL-TORRALBO-ROJAS-2-768x1024.jpg\" alt=\"\" data-id=\"5528\" data-link=\"https:\/\/vreina.smartown.es\/?attachment_id=5528\" class=\"wp-image-5528\" srcset=\"https:\/\/vreina.smartown.es\/wp-content\/uploads\/2021\/02\/MIGUEL-TORRALBO-ROJAS-2-768x1024.jpg 768w, https:\/\/vreina.smartown.es\/wp-content\/uploads\/2021\/02\/MIGUEL-TORRALBO-ROJAS-2-225x300.jpg 225w, https:\/\/vreina.smartown.es\/wp-content\/uploads\/2021\/02\/MIGUEL-TORRALBO-ROJAS-2-640x853.jpg 640w, https:\/\/vreina.smartown.es\/wp-content\/uploads\/2021\/02\/MIGUEL-TORRALBO-ROJAS-2-1024x1365.jpg 1024w, https:\/\/vreina.smartown.es\/wp-content\/uploads\/2021\/02\/MIGUEL-TORRALBO-ROJAS-2.jpg 1200w\" sizes=\"(max-width: 639px) 98vw, (max-width: 1199px) 64vw, 768px\" \/><\/figure><\/li><li class=\"blocks-gallery-item\"><figure><img loading=\"lazy\" width=\"469\" height=\"1024\" src=\"https:\/\/vreina.smartown.es\/wp-content\/uploads\/2021\/02\/FRANCISCO-GUTI\u00c9RREZ-GONZ\u00c1LEZ-2-469x1024.jpg\" alt=\"\" data-id=\"5529\" data-link=\"https:\/\/vreina.smartown.es\/?attachment_id=5529\" class=\"wp-image-5529\" srcset=\"https:\/\/vreina.smartown.es\/wp-content\/uploads\/2021\/02\/FRANCISCO-GUTI\u00c9RREZ-GONZ\u00c1LEZ-2-469x1024.jpg 469w, https:\/\/vreina.smartown.es\/wp-content\/uploads\/2021\/02\/FRANCISCO-GUTI\u00c9RREZ-GONZ\u00c1LEZ-2-137x300.jpg 137w, https:\/\/vreina.smartown.es\/wp-content\/uploads\/2021\/02\/FRANCISCO-GUTI\u00c9RREZ-GONZ\u00c1LEZ-2-768x1677.jpg 768w, https:\/\/vreina.smartown.es\/wp-content\/uploads\/2021\/02\/FRANCISCO-GUTI\u00c9RREZ-GONZ\u00c1LEZ-2-640x1397.jpg 640w, https:\/\/vreina.smartown.es\/wp-content\/uploads\/2021\/02\/FRANCISCO-GUTI\u00c9RREZ-GONZ\u00c1LEZ-2.jpg 857w\" sizes=\"(max-width: 639px) 98vw, (max-width: 1199px) 64vw, 469px\" \/><\/figure><\/li><li class=\"blocks-gallery-item\"><figure><img loading=\"lazy\" width=\"592\" height=\"788\" src=\"https:\/\/vreina.smartown.es\/wp-content\/uploads\/2021\/02\/RA\u00daL-BERM\u00daDEZ-CARMONA-2.jpg\" alt=\"\" data-id=\"5530\" data-link=\"https:\/\/vreina.smartown.es\/?attachment_id=5530\" class=\"wp-image-5530\" srcset=\"https:\/\/vreina.smartown.es\/wp-content\/uploads\/2021\/02\/RA\u00daL-BERM\u00daDEZ-CARMONA-2.jpg 592w, https:\/\/vreina.smartown.es\/wp-content\/uploads\/2021\/02\/RA\u00daL-BERM\u00daDEZ-CARMONA-2-225x300.jpg 225w\" sizes=\"(max-width: 639px) 98vw, (max-width: 1199px) 64vw, 592px\" \/><\/figure><\/li><\/ul>\n","protected":false},"excerpt":{"rendered":"<p>En un a\u00f1o tan at\u00edpico como este, en el que los diferentes evento culturales se est\u00e1n viendo afectados por la pandemia del COVID-19, no pod\u00edamos dejar pasar la oportunidad de celebrar nuestro tradicional carnaval. En nuestro pueblo, en un a\u00f1o normal, se suele celebrar el carnaval en estas fecha, por eso durante estos d\u00edas, se [&hellip;]<\/p>\n","protected":false},"author":43,"featured_media":5537,"comment_status":"open","ping_status":"open","sticky":false,"template":"","format":"standard","meta":[],"categories":[1],"tags":[],"_links":{"self":[{"href":"https:\/\/vreina.smartown.es\/SI2API\/wp\/v2\/posts\/5516"}],"collection":[{"href":"https:\/\/vreina.smartown.es\/SI2API\/wp\/v2\/posts"}],"about":[{"href":"https:\/\/vreina.smartown.es\/SI2API\/wp\/v2\/types\/post"}],"author":[{"embeddable":true,"href":"https:\/\/vreina.smartown.es\/SI2API\/wp\/v2\/users\/43"}],"replies":[{"embeddable":true,"href":"https:\/\/vreina.smartown.es\/SI2API\/wp\/v2\/comments?post=5516"}],"version-history":[{"count":3,"href":"https:\/\/vreina.smartown.es\/SI2API\/wp\/v2\/posts\/5516\/revisions"}],"predecessor-version":[{"id":5538,"href":"https:\/\/vreina.smartown.es\/SI2API\/wp\/v2\/posts\/5516\/revisions\/5538"}],"wp:featuredmedia":[{"embeddable":true,"href":"https:\/\/vreina.smartown.es\/SI2API\/wp\/v2\/media\/5537"}],"wp:attachment":[{"href":"https:\/\/vreina.smartown.es\/SI2API\/wp\/v2\/media?parent=5516"}],"wp:term":[{"taxonomy":"category","embeddable":true,"href":"https:\/\/vreina.smartown.es\/SI2API\/wp\/v2\/categories?post=5516"},{"taxonomy":"post_tag","embeddable":true,"href":"https:\/\/vreina.smartown.es\/SI2API\/wp\/v2\/tags?post=5516"}],"curies":[{"name":"wp","href":"https:\/\/api.w.org\/{rel}","templated":true}]}}