{"id":5668,"date":"2021-04-04T20:34:58","date_gmt":"2021-04-04T18:34:58","guid":{"rendered":"https:\/\/vreina.smartown.es\/?p=5668"},"modified":"2021-04-05T08:30:53","modified_gmt":"2021-04-05T06:30:53","slug":"villanueva-de-la-reina-se-reinventa-en-semana-santa","status":"publish","type":"post","link":"https:\/\/vreina.smartown.es\/villanueva-de-la-reina-se-reinventa-en-semana-santa\/","title":{"rendered":"Villanueva de la Reina se reinventa en Semana Santa"},"content":{"rendered":"\n<p>Las Cofrad\u00edas de Pasi\u00f3n consiguen vivir la pasi\u00f3n de la Semana Santa con un nuevo formato adaptado a la situaci\u00f3n.<\/p>\n\n\n\n<p> Desde el Ayuntamiento de Villanueva de la Reina queremos dar nuestra enhorabuena a Hermandes y cofrades en esta especial Semana Santa que por segundo a\u00f1o nos ha tocado vivir porque han demostrado sobradamente que se pueden hacer las cosas adapt\u00e1ndolas a las recomendaciones sanitarias. <\/p>\n\n\n\n<p> Las Cofrad\u00edas de Pasi\u00f3n han conseguido de esta manera vivir la pasi\u00f3n de la Semana Santa con un nuevo formato adaptado a la situaci\u00f3n. Todas las Cofrad\u00edas sin excepci\u00f3n derrochan esfuerzo  para vivir una Semana Santa, diferente,  pero con gran intensidad. Todos los dicen, \u00abno pod\u00edamos vivir un a\u00f1o mas sin sentir la emoci\u00f3n de ver a nuestros pasos engalanados, sin o\u00edr las saetas, las coplas de pasi\u00f3n&#8230;,\u00bb. As\u00ed ha sido.  <\/p>\n\n\n\n<p>\n\nMil gracias y enhorabuena a tod@s.\n\n<\/p>\n\n\n\n<p>Os dejamos unas im\u00e1genes que resumen la semana mas intensa del a\u00f1o.<\/p>\n\n\n\n<figure class=\"wp-block-image\"><img loading=\"lazy\" width=\"1024\" height=\"769\" src=\"https:\/\/vreina.smartown.es\/wp-content\/uploads\/2021\/04\/Virgen-de-los-Dolores-1024x769.jpeg\" alt=\"\" class=\"wp-image-5671\" srcset=\"https:\/\/vreina.smartown.es\/wp-content\/uploads\/2021\/04\/Virgen-de-los-Dolores-1024x769.jpeg 1024w, https:\/\/vreina.smartown.es\/wp-content\/uploads\/2021\/04\/Virgen-de-los-Dolores-300x225.jpeg 300w, https:\/\/vreina.smartown.es\/wp-content\/uploads\/2021\/04\/Virgen-de-los-Dolores-768x576.jpeg 768w, https:\/\/vreina.smartown.es\/wp-content\/uploads\/2021\/04\/Virgen-de-los-Dolores-640x480.jpeg 640w, https:\/\/vreina.smartown.es\/wp-content\/uploads\/2021\/04\/Virgen-de-los-Dolores-1200x901.jpeg 1200w, https:\/\/vreina.smartown.es\/wp-content\/uploads\/2021\/04\/Virgen-de-los-Dolores-1920x1441.jpeg 1920w, https:\/\/vreina.smartown.es\/wp-content\/uploads\/2021\/04\/Virgen-de-los-Dolores.jpeg 2048w\" sizes=\"(max-width: 639px) 98vw, (max-width: 1199px) 64vw, 770px\" \/><\/figure>\n\n\n\n<figure class=\"wp-block-image\"><img loading=\"lazy\" width=\"1024\" height=\"769\" src=\"https:\/\/vreina.smartown.es\/wp-content\/uploads\/2021\/04\/WhatsApp-Image-2021-04-03-at-20.28.40-1024x769.jpeg\" alt=\"\" class=\"wp-image-5678\" srcset=\"https:\/\/vreina.smartown.es\/wp-content\/uploads\/2021\/04\/WhatsApp-Image-2021-04-03-at-20.28.40-1024x769.jpeg 1024w, https:\/\/vreina.smartown.es\/wp-content\/uploads\/2021\/04\/WhatsApp-Image-2021-04-03-at-20.28.40-300x225.jpeg 300w, https:\/\/vreina.smartown.es\/wp-content\/uploads\/2021\/04\/WhatsApp-Image-2021-04-03-at-20.28.40-768x576.jpeg 768w, https:\/\/vreina.smartown.es\/wp-content\/uploads\/2021\/04\/WhatsApp-Image-2021-04-03-at-20.28.40-640x480.jpeg 640w, https:\/\/vreina.smartown.es\/wp-content\/uploads\/2021\/04\/WhatsApp-Image-2021-04-03-at-20.28.40-1200x901.jpeg 1200w, https:\/\/vreina.smartown.es\/wp-content\/uploads\/2021\/04\/WhatsApp-Image-2021-04-03-at-20.28.40-1920x1441.jpeg 1920w, https:\/\/vreina.smartown.es\/wp-content\/uploads\/2021\/04\/WhatsApp-Image-2021-04-03-at-20.28.40.jpeg 2048w\" sizes=\"(max-width: 639px) 98vw, (max-width: 1199px) 64vw, 770px\" \/><\/figure>\n\n\n\n<figure class=\"wp-block-image\"><img loading=\"lazy\" width=\"1024\" height=\"769\" src=\"https:\/\/vreina.smartown.es\/wp-content\/uploads\/2021\/04\/Banda-Musica-1024x769.jpeg\" alt=\"\" class=\"wp-image-5676\" srcset=\"https:\/\/vreina.smartown.es\/wp-content\/uploads\/2021\/04\/Banda-Musica-1024x769.jpeg 1024w, https:\/\/vreina.smartown.es\/wp-content\/uploads\/2021\/04\/Banda-Musica-300x225.jpeg 300w, https:\/\/vreina.smartown.es\/wp-content\/uploads\/2021\/04\/Banda-Musica-768x576.jpeg 768w, https:\/\/vreina.smartown.es\/wp-content\/uploads\/2021\/04\/Banda-Musica-640x480.jpeg 640w, https:\/\/vreina.smartown.es\/wp-content\/uploads\/2021\/04\/Banda-Musica-1200x901.jpeg 1200w, https:\/\/vreina.smartown.es\/wp-content\/uploads\/2021\/04\/Banda-Musica-1920x1441.jpeg 1920w, https:\/\/vreina.smartown.es\/wp-content\/uploads\/2021\/04\/Banda-Musica.jpeg 2048w\" sizes=\"(max-width: 639px) 98vw, (max-width: 1199px) 64vw, 770px\" \/><\/figure>\n\n\n\n<figure class=\"wp-block-image\"><img loading=\"lazy\" width=\"1024\" height=\"769\" src=\"https:\/\/vreina.smartown.es\/wp-content\/uploads\/2021\/04\/viacrucis-2-1024x769.jpeg\" alt=\"\" class=\"wp-image-5679\" srcset=\"https:\/\/vreina.smartown.es\/wp-content\/uploads\/2021\/04\/viacrucis-2-1024x769.jpeg 1024w, https:\/\/vreina.smartown.es\/wp-content\/uploads\/2021\/04\/viacrucis-2-300x225.jpeg 300w, https:\/\/vreina.smartown.es\/wp-content\/uploads\/2021\/04\/viacrucis-2-768x576.jpeg 768w, https:\/\/vreina.smartown.es\/wp-content\/uploads\/2021\/04\/viacrucis-2-640x480.jpeg 640w, https:\/\/vreina.smartown.es\/wp-content\/uploads\/2021\/04\/viacrucis-2-1200x901.jpeg 1200w, https:\/\/vreina.smartown.es\/wp-content\/uploads\/2021\/04\/viacrucis-2-1920x1441.jpeg 1920w, https:\/\/vreina.smartown.es\/wp-content\/uploads\/2021\/04\/viacrucis-2.jpeg 2048w\" sizes=\"(max-width: 639px) 98vw, (max-width: 1199px) 64vw, 770px\" \/><\/figure>\n\n\n\n<figure class=\"wp-block-image\"><img loading=\"lazy\" width=\"1024\" height=\"769\" src=\"https:\/\/vreina.smartown.es\/wp-content\/uploads\/2021\/04\/Jesus-Orando-en-el-Huerto-1-1024x769.jpeg\" alt=\"\" class=\"wp-image-5673\" srcset=\"https:\/\/vreina.smartown.es\/wp-content\/uploads\/2021\/04\/Jesus-Orando-en-el-Huerto-1-1024x769.jpeg 1024w, https:\/\/vreina.smartown.es\/wp-content\/uploads\/2021\/04\/Jesus-Orando-en-el-Huerto-1-300x225.jpeg 300w, https:\/\/vreina.smartown.es\/wp-content\/uploads\/2021\/04\/Jesus-Orando-en-el-Huerto-1-768x576.jpeg 768w, https:\/\/vreina.smartown.es\/wp-content\/uploads\/2021\/04\/Jesus-Orando-en-el-Huerto-1-640x480.jpeg 640w, https:\/\/vreina.smartown.es\/wp-content\/uploads\/2021\/04\/Jesus-Orando-en-el-Huerto-1-1200x901.jpeg 1200w, https:\/\/vreina.smartown.es\/wp-content\/uploads\/2021\/04\/Jesus-Orando-en-el-Huerto-1-1920x1441.jpeg 1920w, https:\/\/vreina.smartown.es\/wp-content\/uploads\/2021\/04\/Jesus-Orando-en-el-Huerto-1.jpeg 2048w\" sizes=\"(max-width: 639px) 98vw, (max-width: 1199px) 64vw, 770px\" \/><\/figure>\n\n\n\n<figure class=\"wp-block-image\"><img loading=\"lazy\" width=\"769\" height=\"1024\" src=\"https:\/\/vreina.smartown.es\/wp-content\/uploads\/2021\/04\/Se\u00f1os-amarrado-a-la-Columna-769x1024.jpeg\" alt=\"\" class=\"wp-image-5675\" srcset=\"https:\/\/vreina.smartown.es\/wp-content\/uploads\/2021\/04\/Se\u00f1os-amarrado-a-la-Columna-769x1024.jpeg 769w, https:\/\/vreina.smartown.es\/wp-content\/uploads\/2021\/04\/Se\u00f1os-amarrado-a-la-Columna-225x300.jpeg 225w, https:\/\/vreina.smartown.es\/wp-content\/uploads\/2021\/04\/Se\u00f1os-amarrado-a-la-Columna-768x1023.jpeg 768w, https:\/\/vreina.smartown.es\/wp-content\/uploads\/2021\/04\/Se\u00f1os-amarrado-a-la-Columna-640x853.jpeg 640w, https:\/\/vreina.smartown.es\/wp-content\/uploads\/2021\/04\/Se\u00f1os-amarrado-a-la-Columna-1024x1364.jpeg 1024w, https:\/\/vreina.smartown.es\/wp-content\/uploads\/2021\/04\/Se\u00f1os-amarrado-a-la-Columna-1200x1599.jpeg 1200w, https:\/\/vreina.smartown.es\/wp-content\/uploads\/2021\/04\/Se\u00f1os-amarrado-a-la-Columna.jpeg 1537w\" sizes=\"(max-width: 639px) 98vw, (max-width: 1199px) 64vw, 769px\" \/><\/figure>\n\n\n\n<figure class=\"wp-block-image\"><img loading=\"lazy\" width=\"769\" height=\"1024\" src=\"https:\/\/vreina.smartown.es\/wp-content\/uploads\/2021\/04\/Nuestro-Padre-Jesus-769x1024.jpeg\" alt=\"\" class=\"wp-image-5677\" srcset=\"https:\/\/vreina.smartown.es\/wp-content\/uploads\/2021\/04\/Nuestro-Padre-Jesus-769x1024.jpeg 769w, https:\/\/vreina.smartown.es\/wp-content\/uploads\/2021\/04\/Nuestro-Padre-Jesus-225x300.jpeg 225w, https:\/\/vreina.smartown.es\/wp-content\/uploads\/2021\/04\/Nuestro-Padre-Jesus-768x1023.jpeg 768w, https:\/\/vreina.smartown.es\/wp-content\/uploads\/2021\/04\/Nuestro-Padre-Jesus-640x853.jpeg 640w, https:\/\/vreina.smartown.es\/wp-content\/uploads\/2021\/04\/Nuestro-Padre-Jesus-1024x1364.jpeg 1024w, https:\/\/vreina.smartown.es\/wp-content\/uploads\/2021\/04\/Nuestro-Padre-Jesus-1200x1599.jpeg 1200w, https:\/\/vreina.smartown.es\/wp-content\/uploads\/2021\/04\/Nuestro-Padre-Jesus.jpeg 1201w\" sizes=\"(max-width: 639px) 98vw, (max-width: 1199px) 64vw, 769px\" \/><\/figure>\n\n\n\n<figure class=\"wp-block-image\"><img loading=\"lazy\" width=\"640\" height=\"480\" src=\"https:\/\/vreina.smartown.es\/wp-content\/uploads\/2021\/04\/Santo-Entierro.jpg\" alt=\"\" class=\"wp-image-5680\" srcset=\"https:\/\/vreina.smartown.es\/wp-content\/uploads\/2021\/04\/Santo-Entierro.jpg 640w, https:\/\/vreina.smartown.es\/wp-content\/uploads\/2021\/04\/Santo-Entierro-300x225.jpg 300w\" sizes=\"(max-width: 639px) 98vw, (max-width: 1199px) 64vw, 640px\" \/><\/figure>\n\n\n\n<figure class=\"wp-block-image\"><img loading=\"lazy\" width=\"768\" height=\"1024\" src=\"https:\/\/vreina.smartown.es\/wp-content\/uploads\/2021\/04\/Resucitado-1-768x1024.jpeg\" alt=\"\" class=\"wp-image-5681\" srcset=\"https:\/\/vreina.smartown.es\/wp-content\/uploads\/2021\/04\/Resucitado-1-768x1024.jpeg 768w, https:\/\/vreina.smartown.es\/wp-content\/uploads\/2021\/04\/Resucitado-1-225x300.jpeg 225w, https:\/\/vreina.smartown.es\/wp-content\/uploads\/2021\/04\/Resucitado-1-640x853.jpeg 640w, https:\/\/vreina.smartown.es\/wp-content\/uploads\/2021\/04\/Resucitado-1-1024x1365.jpeg 1024w, https:\/\/vreina.smartown.es\/wp-content\/uploads\/2021\/04\/Resucitado-1-1200x1600.jpeg 1200w, https:\/\/vreina.smartown.es\/wp-content\/uploads\/2021\/04\/Resucitado-1.jpeg 1536w\" sizes=\"(max-width: 639px) 98vw, (max-width: 1199px) 64vw, 768px\" \/><\/figure>\n\n\n\n<figure class=\"wp-block-image\"><img loading=\"lazy\" width=\"1024\" height=\"768\" src=\"https:\/\/vreina.smartown.es\/wp-content\/uploads\/2021\/04\/Resucitado-2-1024x768.jpeg\" alt=\"\" class=\"wp-image-5682\" srcset=\"https:\/\/vreina.smartown.es\/wp-content\/uploads\/2021\/04\/Resucitado-2-1024x768.jpeg 1024w, https:\/\/vreina.smartown.es\/wp-content\/uploads\/2021\/04\/Resucitado-2-300x225.jpeg 300w, https:\/\/vreina.smartown.es\/wp-content\/uploads\/2021\/04\/Resucitado-2-768x576.jpeg 768w, https:\/\/vreina.smartown.es\/wp-content\/uploads\/2021\/04\/Resucitado-2-640x480.jpeg 640w, https:\/\/vreina.smartown.es\/wp-content\/uploads\/2021\/04\/Resucitado-2-1200x900.jpeg 1200w, https:\/\/vreina.smartown.es\/wp-content\/uploads\/2021\/04\/Resucitado-2-1920x1440.jpeg 1920w, https:\/\/vreina.smartown.es\/wp-content\/uploads\/2021\/04\/Resucitado-2.jpeg 2048w\" sizes=\"(max-width: 639px) 98vw, (max-width: 1199px) 64vw, 770px\" \/><\/figure>\n\n\n\n<figure class=\"wp-block-image\"><img loading=\"lazy\" width=\"1024\" height=\"769\" src=\"https:\/\/vreina.smartown.es\/wp-content\/uploads\/2021\/04\/publico-1024x769.jpeg\" alt=\"\" class=\"wp-image-5683\" srcset=\"https:\/\/vreina.smartown.es\/wp-content\/uploads\/2021\/04\/publico-1024x769.jpeg 1024w, https:\/\/vreina.smartown.es\/wp-content\/uploads\/2021\/04\/publico-300x225.jpeg 300w, https:\/\/vreina.smartown.es\/wp-content\/uploads\/2021\/04\/publico-768x576.jpeg 768w, https:\/\/vreina.smartown.es\/wp-content\/uploads\/2021\/04\/publico-640x480.jpeg 640w, https:\/\/vreina.smartown.es\/wp-content\/uploads\/2021\/04\/publico-1200x901.jpeg 1200w, https:\/\/vreina.smartown.es\/wp-content\/uploads\/2021\/04\/publico-1920x1441.jpeg 1920w, https:\/\/vreina.smartown.es\/wp-content\/uploads\/2021\/04\/publico.jpeg 2048w\" sizes=\"(max-width: 639px) 98vw, (max-width: 1199px) 64vw, 770px\" \/><\/figure>\n\n\n\n<figure class=\"wp-block-embed-youtube wp-block-embed is-type-video is-provider-youtube wp-embed-aspect-16-9 wp-has-aspect-ratio\"><div class=\"wp-block-embed__wrapper\">\n<div class=\"responsive-embed widescreen\"><iframe loading=\"lazy\" width=\"500\" height=\"281\" src=\"https:\/\/www.youtube.com\/embed\/62_ndoraCK4?feature=oembed\" frameborder=\"0\" allow=\"accelerometer; autoplay; clipboard-write; encrypted-media; gyroscope; picture-in-picture\" allowfullscreen><\/iframe><\/div>\n<\/div><\/figure>\n\n\n\n<figure class=\"wp-block-embed-youtube wp-block-embed is-type-video is-provider-youtube wp-embed-aspect-16-9 wp-has-aspect-ratio\"><div class=\"wp-block-embed__wrapper\">\n<div class=\"responsive-embed widescreen\"><iframe loading=\"lazy\" width=\"500\" height=\"281\" src=\"https:\/\/www.youtube.com\/embed\/Y7RcRyF7YyE?feature=oembed\" frameborder=\"0\" allow=\"accelerometer; autoplay; clipboard-write; encrypted-media; gyroscope; picture-in-picture\" allowfullscreen><\/iframe><\/div>\n<\/div><\/figure>\n\n\n\n<figure class=\"wp-block-embed-youtube wp-block-embed is-type-video is-provider-youtube wp-embed-aspect-16-9 wp-has-aspect-ratio\"><div class=\"wp-block-embed__wrapper\">\n<div class=\"responsive-embed widescreen\"><iframe loading=\"lazy\" width=\"500\" height=\"281\" src=\"https:\/\/www.youtube.com\/embed\/OnG0pXCMQdY?feature=oembed\" frameborder=\"0\" allow=\"accelerometer; autoplay; clipboard-write; encrypted-media; gyroscope; picture-in-picture\" allowfullscreen><\/iframe><\/div>\n<\/div><\/figure>\n\n\n\n<figure class=\"wp-block-embed-youtube wp-block-embed is-type-video is-provider-youtube wp-embed-aspect-16-9 wp-has-aspect-ratio\"><div class=\"wp-block-embed__wrapper\">\n<div class=\"responsive-embed widescreen\"><iframe loading=\"lazy\" width=\"500\" height=\"281\" src=\"https:\/\/www.youtube.com\/embed\/DFJKDjwH438?feature=oembed\" frameborder=\"0\" allow=\"accelerometer; autoplay; clipboard-write; encrypted-media; gyroscope; picture-in-picture\" allowfullscreen><\/iframe><\/div>\n<\/div><\/figure>\n\n\n\n<figure class=\"wp-block-embed-youtube wp-block-embed is-type-video is-provider-youtube wp-embed-aspect-16-9 wp-has-aspect-ratio\"><div class=\"wp-block-embed__wrapper\">\n<div class=\"responsive-embed widescreen\"><iframe loading=\"lazy\" width=\"500\" height=\"281\" src=\"https:\/\/www.youtube.com\/embed\/BCtGFcjRDWE?feature=oembed\" frameborder=\"0\" allow=\"accelerometer; autoplay; clipboard-write; encrypted-media; gyroscope; picture-in-picture\" allowfullscreen><\/iframe><\/div>\n<\/div><\/figure>\n\n\n\n<figure class=\"wp-block-embed-youtube wp-block-embed is-type-video is-provider-youtube wp-embed-aspect-4-3 wp-has-aspect-ratio\"><div class=\"wp-block-embed__wrapper\">\n<div class=\"responsive-embed\"><iframe loading=\"lazy\" width=\"500\" height=\"375\" src=\"https:\/\/www.youtube.com\/embed\/R1gCjUpHiBY?feature=oembed\" frameborder=\"0\" allow=\"accelerometer; autoplay; clipboard-write; encrypted-media; gyroscope; picture-in-picture\" allowfullscreen><\/iframe><\/div>\n<\/div><\/figure>\n","protected":false},"excerpt":{"rendered":"<p>Las Cofrad\u00edas de Pasi\u00f3n consiguen vivir la pasi\u00f3n de la Semana Santa con un nuevo formato adaptado a la situaci\u00f3n. Desde el Ayuntamiento de Villanueva de la Reina queremos dar nuestra enhorabuena a Hermandes y cofrades en esta especial Semana Santa que por segundo a\u00f1o nos ha tocado vivir porque han demostrado sobradamente que se [&hellip;]<\/p>\n","protected":false},"author":43,"featured_media":0,"comment_status":"open","ping_status":"open","sticky":false,"template":"","format":"standard","meta":[],"categories":[1],"tags":[],"_links":{"self":[{"href":"https:\/\/vreina.smartown.es\/SI2API\/wp\/v2\/posts\/5668"}],"collection":[{"href":"https:\/\/vreina.smartown.es\/SI2API\/wp\/v2\/posts"}],"about":[{"href":"https:\/\/vreina.smartown.es\/SI2API\/wp\/v2\/types\/post"}],"author":[{"embeddable":true,"href":"https:\/\/vreina.smartown.es\/SI2API\/wp\/v2\/users\/43"}],"replies":[{"embeddable":true,"href":"https:\/\/vreina.smartown.es\/SI2API\/wp\/v2\/comments?post=5668"}],"version-history":[{"count":6,"href":"https:\/\/vreina.smartown.es\/SI2API\/wp\/v2\/posts\/5668\/revisions"}],"predecessor-version":[{"id":5696,"href":"https:\/\/vreina.smartown.es\/SI2API\/wp\/v2\/posts\/5668\/revisions\/5696"}],"wp:attachment":[{"href":"https:\/\/vreina.smartown.es\/SI2API\/wp\/v2\/media?parent=5668"}],"wp:term":[{"taxonomy":"category","embeddable":true,"href":"https:\/\/vreina.smartown.es\/SI2API\/wp\/v2\/categories?post=5668"},{"taxonomy":"post_tag","embeddable":true,"href":"https:\/\/vreina.smartown.es\/SI2API\/wp\/v2\/tags?post=5668"}],"curies":[{"name":"wp","href":"https:\/\/api.w.org\/{rel}","templated":true}]}}