{"id":5697,"date":"2021-04-08T06:34:58","date_gmt":"2021-04-08T04:34:58","guid":{"rendered":"https:\/\/vreina.smartown.es\/?p=5697"},"modified":"2021-04-08T06:34:59","modified_gmt":"2021-04-08T04:34:59","slug":"subvenciones-para-pymes-de-los-sectores-del-comercio-minorista-artesania-y-establecimientos-de-restauracion","status":"publish","type":"post","link":"https:\/\/vreina.smartown.es\/subvenciones-para-pymes-de-los-sectores-del-comercio-minorista-artesania-y-establecimientos-de-restauracion\/","title":{"rendered":"Subvenciones para pymes de los sectores del comercio minorista, artesan\u00eda y establecimientos de restauraci\u00f3n"},"content":{"rendered":"\n<h2>Descripci\u00f3n de las ayudas<\/h2>\n\n\n\n<p>Se aprueban como medidas extraordinarias dos l\u00edneas de subvenciones para determinadas pymes de los sectores del comercio minorista y de la hosteler\u00eda, con el objeto de paliar los efectos del impacto econ\u00f3mico negativo que la crisis sanitaria ocasionada por el COVID-19 y las medidas acordadas para contener la propagaci\u00f3n de la pandemia han provocado en su actividad, con el fin de ayudar a sostener la continuidad de su empresa o negocio, evitando el cese definitivo del mismo y, por tanto, la destrucci\u00f3n de empleo.<\/p>\n\n\n\n<p>Se ha agilizado y simplificado el proceso de solicitud y tramitaci\u00f3n. Ya no se exige al interesado presentar junto a la solicitud documentaci\u00f3n alguna, tan solo bastar\u00e1 con rellenar un formulario.<\/p>\n\n\n\n<h3>L\u00ednea 1. Medida urgente para el mantenimiento de la actividad del sector econ\u00f3mico del comercio minorista<\/h3>\n\n\n\n<p>Al amparo de esta L\u00ednea 1, se incluyen las pymes comerciales cuya actividad econ\u00f3mica se enmarque en los ep\u00edgrafes del Impuesto sobre Actividades Econ\u00f3micas incluidas en el anexo del decreto-ley y tambi\u00e9n las pymes artesanas inscritas en el Registro de Artesanos de Andaluc\u00eda.<\/p>\n\n\n\n<h3>L\u00ednea 2. Medida urgente para el mantenimiento de la actividad del sector econ\u00f3mico de la hosteler\u00eda (Establecimientos de restauraci\u00f3n)<\/h3>\n\n\n\n<p>Al amparo de esta L\u00ednea 2, se incluyen los establecimientos de restauraci\u00f3n que desarrollen su actividad en los ep\u00edgrafes del Impuesto sobre Actividades Econ\u00f3micas incluidas en el anexo del Decreto-Ley.<\/p>\n\n\n\n<ul><li>Accede a m\u00e1s informaci\u00f3n sobre ambas l\u00edneas a trav\u00e9s del\u00a0<a href=\"https:\/\/www.juntadeandalucia.es\/organismos\/transformacioneconomicaindustriaconocimientoyuniversidades\/servicios\/procedimientos\/detalle\/24380\/datos-basicos.html\">Cat\u00e1logo de procedimientos y servicios<\/a>.<\/li><\/ul>\n\n\n\n<h2>Cuant\u00eda<\/h2>\n\n\n\n<p>La cuant\u00eda de las ayudas asciende a\u00a03.000 euros.<\/p>\n\n\n\n<h2>Requisitos para las pymes beneficiarias<\/h2>\n\n\n\n<p>Podr\u00e1n ser beneficiarias las pymes afectadas por el impacto econ\u00f3mico negativo provocado en su actividad por la crisis sanitaria y las medidas acordadas para paliarla que cumplan los siguientes requisitos:<\/p>\n\n\n\n<ul><li>Que tengan el domicilio fiscal en Andaluc\u00eda.<\/li><li>Que acrediten su condici\u00f3n de pyme. Es decir: contar con una plantilla inferior a los 250 trabajadores y un volumen de negocio anual no superior a los 50 millones o registrar un balance general anual que no exceda de 43 millones de euros.<\/li><li>Que desarrollen su actividad antes del 14 de marzo, debiendo mantenerla vigente hasta el d\u00eda en que se presente su solicitud.<\/li><li>Que acrediten ca\u00edda de ventas motivada por el COVID al menos de un 20% en el ejercicio 2020 respecto al de 2019 (se comparar\u00e1n los ingresos del segundo trimestre de 2020 frente a los del segundo trimestre de 2019).<\/li><li>Que acrediten no estar en crisis a 31 de diciembre de 2019.<\/li><li>En el caso de personas f\u00edsicas de cualquiera de los sectores, habr\u00e1n de acreditar el alta en el R\u00e9gimen Especial de la Seguridad Social de los Trabajadores por Cuenta Propia o Aut\u00f3nomos en la fecha de entrada en vigor del\u00a0<a href=\"https:\/\/www.boe.es\/buscar\/act.php?id=BOE-A-2020-3692\">Real Decreto 463\/2020, 14 de marzo<\/a>, y mantenerlo hasta el d\u00eda de presentaci\u00f3n de la solicitud.<\/li><li>Las ayudas se conceder\u00e1n a las pymes que desarrollen una de las actividades econ\u00f3micas incluidas en el Decreto-Ley (<a href=\"http:\/\/www.juntadeandalucia.es\/export\/drupaljda\/CNAE-2.pdf\">en este pdf<\/a>), salvo para pymes artesanas, que \u00fanicamente deber\u00e1n estar inscritas en el registro de artesanos de Andaluc\u00eda.<\/li><\/ul>\n\n\n\n<h2>Procedimiento de concesi\u00f3n<\/h2>\n\n\n\n<ul><li><strong>Abierto el plazo de presentaci\u00f3n de solicitudes<\/strong>&nbsp;de las subvenciones tras la publicaci\u00f3n del&nbsp;<a href=\"https:\/\/www.juntadeandalucia.es\/boja\/2021\/528\/1\">extracto de la convocatoria en el BOJA<\/a>, se podr\u00e1n solicitar hasta el d\u00eda 6 de mayo incluido.<\/li><li>El procedimiento de concesi\u00f3n de las subvenciones es el de concurrencia no competitiva y se iniciar\u00e1 a solicitud de la persona interesada. Las solicitudes presentadas a cada una de las l\u00edneas se tramitar\u00e1n individualmente por orden de la fecha de presentaci\u00f3n de la solicitud hasta el agotamiento del cr\u00e9dito asignado en el Decreto-Ley.<\/li><li>Tanto las solicitudes y la documentaci\u00f3n anexa de las subvenciones reguladas en el Decreto-Ley se presentar\u00e1n \u00fanica y exclusivamente de forma telem\u00e1tica y todo el procedimiento de gesti\u00f3n de las subvenciones se desarrollar\u00e1 igualmente telem\u00e1ticamente.<\/li><li>El \u00f3rgano competente para la instrucci\u00f3n del procedimiento es la Direcci\u00f3n General de Comercio adscrita a la Secretar\u00eda General de Empresa, Innovaci\u00f3n y Emprendimiento. El \u00f3rgano competente para resolver el procedimiento de concesi\u00f3n y, en su caso, el de reintegro o el sancionador es la persona titular de la Secretar\u00eda General de Empresa, Innovaci\u00f3n y Emprendimiento.<\/li><li>El plazo m\u00e1ximo para resolver y notificar la resoluci\u00f3n del procedimiento de concesi\u00f3n ser\u00e1 de dos meses desde la fecha en que la solicitud haya tenido entrada en el registro telem\u00e1tico \u00fanico de la Administraci\u00f3n de la Junta de Andaluc\u00eda.<\/li><li>El abono de las subvenciones se realizar\u00e1 mediante pago por importe del 100% de las mismas.<\/li><li>Los gastos subvencionables habr\u00e1n de haberse realizado en el periodo comprendido entre el 14 de marzo de 2020 y el 14 de marzo de 2021.<\/li><\/ul>\n","protected":false},"excerpt":{"rendered":"<p>Descripci\u00f3n de las ayudas Se aprueban como medidas extraordinarias dos l\u00edneas de subvenciones para determinadas pymes de los sectores del comercio minorista y de la hosteler\u00eda, con el objeto de paliar los efectos del impacto econ\u00f3mico negativo que la crisis sanitaria ocasionada por el COVID-19 y las medidas acordadas para contener la propagaci\u00f3n de la [&hellip;]<\/p>\n","protected":false},"author":43,"featured_media":5698,"comment_status":"open","ping_status":"open","sticky":false,"template":"","format":"standard","meta":[],"categories":[1],"tags":[],"_links":{"self":[{"href":"https:\/\/vreina.smartown.es\/SI2API\/wp\/v2\/posts\/5697"}],"collection":[{"href":"https:\/\/vreina.smartown.es\/SI2API\/wp\/v2\/posts"}],"about":[{"href":"https:\/\/vreina.smartown.es\/SI2API\/wp\/v2\/types\/post"}],"author":[{"embeddable":true,"href":"https:\/\/vreina.smartown.es\/SI2API\/wp\/v2\/users\/43"}],"replies":[{"embeddable":true,"href":"https:\/\/vreina.smartown.es\/SI2API\/wp\/v2\/comments?post=5697"}],"version-history":[{"count":1,"href":"https:\/\/vreina.smartown.es\/SI2API\/wp\/v2\/posts\/5697\/revisions"}],"predecessor-version":[{"id":5699,"href":"https:\/\/vreina.smartown.es\/SI2API\/wp\/v2\/posts\/5697\/revisions\/5699"}],"wp:featuredmedia":[{"embeddable":true,"href":"https:\/\/vreina.smartown.es\/SI2API\/wp\/v2\/media\/5698"}],"wp:attachment":[{"href":"https:\/\/vreina.smartown.es\/SI2API\/wp\/v2\/media?parent=5697"}],"wp:term":[{"taxonomy":"category","embeddable":true,"href":"https:\/\/vreina.smartown.es\/SI2API\/wp\/v2\/categories?post=5697"},{"taxonomy":"post_tag","embeddable":true,"href":"https:\/\/vreina.smartown.es\/SI2API\/wp\/v2\/tags?post=5697"}],"curies":[{"name":"wp","href":"https:\/\/api.w.org\/{rel}","templated":true}]}}