{"id":5701,"date":"2021-04-11T21:37:17","date_gmt":"2021-04-11T19:37:17","guid":{"rendered":"https:\/\/vreina.smartown.es\/?p=5701"},"modified":"2021-04-11T21:37:19","modified_gmt":"2021-04-11T19:37:19","slug":"el-ayuntamiento-de-villanueva-remodela-varias-zonas-verdes-en-la-quinteria","status":"publish","type":"post","link":"https:\/\/vreina.smartown.es\/el-ayuntamiento-de-villanueva-remodela-varias-zonas-verdes-en-la-quinteria\/","title":{"rendered":"El Ayuntamiento de Villanueva remodela varias zonas verdes en La Quinter\u00eda"},"content":{"rendered":"\n<p>Aprovechando la \u00e9poca en la que los t\u00e9cnicos de jardiner\u00eda aconsejan, el consistorio ha remodelado varias zonas verdes en el n\u00facleo villanovero, dot\u00e1ndolo adem\u00e1s de mobiliario urbano como bancos o papeleras. <\/p>\n\n\n\n<figure class=\"wp-block-image\"><img loading=\"lazy\" width=\"1024\" height=\"576\" src=\"https:\/\/vreina.smartown.es\/wp-content\/uploads\/2021\/04\/WhatsApp-Image-2021-04-11-at-20.37.52-1024x576.jpeg\" alt=\"\" class=\"wp-image-5702\" srcset=\"https:\/\/vreina.smartown.es\/wp-content\/uploads\/2021\/04\/WhatsApp-Image-2021-04-11-at-20.37.52-1024x576.jpeg 1024w, https:\/\/vreina.smartown.es\/wp-content\/uploads\/2021\/04\/WhatsApp-Image-2021-04-11-at-20.37.52-300x169.jpeg 300w, https:\/\/vreina.smartown.es\/wp-content\/uploads\/2021\/04\/WhatsApp-Image-2021-04-11-at-20.37.52-768x432.jpeg 768w, https:\/\/vreina.smartown.es\/wp-content\/uploads\/2021\/04\/WhatsApp-Image-2021-04-11-at-20.37.52-640x360.jpeg 640w, https:\/\/vreina.smartown.es\/wp-content\/uploads\/2021\/04\/WhatsApp-Image-2021-04-11-at-20.37.52-1200x675.jpeg 1200w, https:\/\/vreina.smartown.es\/wp-content\/uploads\/2021\/04\/WhatsApp-Image-2021-04-11-at-20.37.52-1920x1080.jpeg 1920w, https:\/\/vreina.smartown.es\/wp-content\/uploads\/2021\/04\/WhatsApp-Image-2021-04-11-at-20.37.52.jpeg 2048w\" sizes=\"(max-width: 639px) 98vw, (max-width: 1199px) 64vw, 770px\" \/><figcaption><br><\/figcaption><\/figure>\n\n\n\n<p>El Ayuntamiento de&nbsp;\nVillanueva de la Reina ha concluido estos d\u00edas el arreglo de tres zonas\nverdes en la Quinter\u00eda cuya inversi\u00f3n estaba prevista hace varios meses pero cuya\nsiembra e intervenci\u00f3n estaba aconsejada por los t\u00e9cnicos para la primavera. <\/p>\n\n\n\n<p>Es por ello por lo que esos trabajos se han acelerado y\nestas nuevas zonas verdes son ya una realidad. Concretamente la primera de\nellas se ha mejorado en el entorno de la conocida como \u201cCasa del Conde\u201d. Las\notras dos intervenciones se han ce\u00f1ido a espacios aleda\u00f1os al Pol\u00edgono\nIndustrial de La Quinter\u00eda donde, como en las otras localizaciones, adem\u00e1s de\nplantas y c\u00e9sped, se ha instalado mobiliario urbano como bancos y papeleras. <\/p>\n\n\n\n<p>En el caso del pol\u00edgono, esta actuaci\u00f3n viene a cerrar la intervenci\u00f3n que hace unos meses se llevaba a cabo en ese entorno y en donde ya se acometieron obras para el arreglo y mejora del alumbrado, se instalaron piedras de escolleras y se dot\u00f3 de un vallado que delimitara la zona industrial con respecto a la zona de siembra.<\/p>\n\n\n\n<ul class=\"wp-container-2 wp-block-gallery-1 wp-block-gallery columns-3 is-cropped\"><li class=\"blocks-gallery-item\"><figure><img loading=\"lazy\" width=\"1024\" height=\"768\" src=\"https:\/\/vreina.smartown.es\/wp-content\/uploads\/2021\/04\/WhatsApp-Image-2021-04-11-at-20.37.55-1024x768.jpeg\" alt=\"\" data-id=\"5703\" data-link=\"https:\/\/vreina.smartown.es\/?attachment_id=5703\" class=\"wp-image-5703\" srcset=\"https:\/\/vreina.smartown.es\/wp-content\/uploads\/2021\/04\/WhatsApp-Image-2021-04-11-at-20.37.55-1024x768.jpeg 1024w, https:\/\/vreina.smartown.es\/wp-content\/uploads\/2021\/04\/WhatsApp-Image-2021-04-11-at-20.37.55-300x225.jpeg 300w, https:\/\/vreina.smartown.es\/wp-content\/uploads\/2021\/04\/WhatsApp-Image-2021-04-11-at-20.37.55-768x576.jpeg 768w, https:\/\/vreina.smartown.es\/wp-content\/uploads\/2021\/04\/WhatsApp-Image-2021-04-11-at-20.37.55-640x480.jpeg 640w, https:\/\/vreina.smartown.es\/wp-content\/uploads\/2021\/04\/WhatsApp-Image-2021-04-11-at-20.37.55-1200x900.jpeg 1200w, https:\/\/vreina.smartown.es\/wp-content\/uploads\/2021\/04\/WhatsApp-Image-2021-04-11-at-20.37.55-1920x1440.jpeg 1920w, https:\/\/vreina.smartown.es\/wp-content\/uploads\/2021\/04\/WhatsApp-Image-2021-04-11-at-20.37.55.jpeg 2048w\" sizes=\"(max-width: 639px) 98vw, (max-width: 1199px) 64vw, 770px\" \/><\/figure><\/li><li class=\"blocks-gallery-item\"><figure><img loading=\"lazy\" width=\"1024\" height=\"768\" src=\"https:\/\/vreina.smartown.es\/wp-content\/uploads\/2021\/04\/WhatsApp-Image-2021-04-11-at-20.37.54-1-1024x768.jpeg\" alt=\"\" data-id=\"5704\" data-link=\"https:\/\/vreina.smartown.es\/?attachment_id=5704\" class=\"wp-image-5704\" srcset=\"https:\/\/vreina.smartown.es\/wp-content\/uploads\/2021\/04\/WhatsApp-Image-2021-04-11-at-20.37.54-1-1024x768.jpeg 1024w, https:\/\/vreina.smartown.es\/wp-content\/uploads\/2021\/04\/WhatsApp-Image-2021-04-11-at-20.37.54-1-300x225.jpeg 300w, https:\/\/vreina.smartown.es\/wp-content\/uploads\/2021\/04\/WhatsApp-Image-2021-04-11-at-20.37.54-1-768x576.jpeg 768w, https:\/\/vreina.smartown.es\/wp-content\/uploads\/2021\/04\/WhatsApp-Image-2021-04-11-at-20.37.54-1-640x480.jpeg 640w, https:\/\/vreina.smartown.es\/wp-content\/uploads\/2021\/04\/WhatsApp-Image-2021-04-11-at-20.37.54-1-1200x900.jpeg 1200w, https:\/\/vreina.smartown.es\/wp-content\/uploads\/2021\/04\/WhatsApp-Image-2021-04-11-at-20.37.54-1-1920x1440.jpeg 1920w, https:\/\/vreina.smartown.es\/wp-content\/uploads\/2021\/04\/WhatsApp-Image-2021-04-11-at-20.37.54-1.jpeg 2048w\" sizes=\"(max-width: 639px) 98vw, (max-width: 1199px) 64vw, 770px\" \/><\/figure><\/li><li class=\"blocks-gallery-item\"><figure><img loading=\"lazy\" width=\"1024\" height=\"768\" src=\"https:\/\/vreina.smartown.es\/wp-content\/uploads\/2021\/04\/WhatsApp-Image-2021-04-11-at-20.37.54-1024x768.jpeg\" alt=\"\" data-id=\"5705\" data-link=\"https:\/\/vreina.smartown.es\/?attachment_id=5705\" class=\"wp-image-5705\" srcset=\"https:\/\/vreina.smartown.es\/wp-content\/uploads\/2021\/04\/WhatsApp-Image-2021-04-11-at-20.37.54-1024x768.jpeg 1024w, https:\/\/vreina.smartown.es\/wp-content\/uploads\/2021\/04\/WhatsApp-Image-2021-04-11-at-20.37.54-300x225.jpeg 300w, https:\/\/vreina.smartown.es\/wp-content\/uploads\/2021\/04\/WhatsApp-Image-2021-04-11-at-20.37.54-768x576.jpeg 768w, https:\/\/vreina.smartown.es\/wp-content\/uploads\/2021\/04\/WhatsApp-Image-2021-04-11-at-20.37.54-640x480.jpeg 640w, https:\/\/vreina.smartown.es\/wp-content\/uploads\/2021\/04\/WhatsApp-Image-2021-04-11-at-20.37.54-1200x900.jpeg 1200w, https:\/\/vreina.smartown.es\/wp-content\/uploads\/2021\/04\/WhatsApp-Image-2021-04-11-at-20.37.54-1920x1440.jpeg 1920w, https:\/\/vreina.smartown.es\/wp-content\/uploads\/2021\/04\/WhatsApp-Image-2021-04-11-at-20.37.54.jpeg 2048w\" sizes=\"(max-width: 639px) 98vw, (max-width: 1199px) 64vw, 770px\" \/><\/figure><\/li><li class=\"blocks-gallery-item\"><figure><img loading=\"lazy\" width=\"1024\" height=\"768\" src=\"https:\/\/vreina.smartown.es\/wp-content\/uploads\/2021\/04\/WhatsApp-Image-2021-04-11-at-20.37.53-1024x768.jpeg\" alt=\"\" data-id=\"5706\" data-link=\"https:\/\/vreina.smartown.es\/?attachment_id=5706\" class=\"wp-image-5706\" srcset=\"https:\/\/vreina.smartown.es\/wp-content\/uploads\/2021\/04\/WhatsApp-Image-2021-04-11-at-20.37.53-1024x768.jpeg 1024w, https:\/\/vreina.smartown.es\/wp-content\/uploads\/2021\/04\/WhatsApp-Image-2021-04-11-at-20.37.53-300x225.jpeg 300w, https:\/\/vreina.smartown.es\/wp-content\/uploads\/2021\/04\/WhatsApp-Image-2021-04-11-at-20.37.53-768x576.jpeg 768w, https:\/\/vreina.smartown.es\/wp-content\/uploads\/2021\/04\/WhatsApp-Image-2021-04-11-at-20.37.53-640x480.jpeg 640w, https:\/\/vreina.smartown.es\/wp-content\/uploads\/2021\/04\/WhatsApp-Image-2021-04-11-at-20.37.53-1200x900.jpeg 1200w, https:\/\/vreina.smartown.es\/wp-content\/uploads\/2021\/04\/WhatsApp-Image-2021-04-11-at-20.37.53-1920x1440.jpeg 1920w, https:\/\/vreina.smartown.es\/wp-content\/uploads\/2021\/04\/WhatsApp-Image-2021-04-11-at-20.37.53.jpeg 2048w\" sizes=\"(max-width: 639px) 98vw, (max-width: 1199px) 64vw, 770px\" \/><\/figure><\/li><li class=\"blocks-gallery-item\"><figure><img loading=\"lazy\" width=\"1024\" height=\"576\" src=\"https:\/\/vreina.smartown.es\/wp-content\/uploads\/2021\/04\/WhatsApp-Image-2021-04-11-at-20.37.52-1-1024x576.jpeg\" alt=\"\" data-id=\"5707\" data-link=\"https:\/\/vreina.smartown.es\/?attachment_id=5707\" class=\"wp-image-5707\" srcset=\"https:\/\/vreina.smartown.es\/wp-content\/uploads\/2021\/04\/WhatsApp-Image-2021-04-11-at-20.37.52-1-1024x576.jpeg 1024w, https:\/\/vreina.smartown.es\/wp-content\/uploads\/2021\/04\/WhatsApp-Image-2021-04-11-at-20.37.52-1-300x169.jpeg 300w, https:\/\/vreina.smartown.es\/wp-content\/uploads\/2021\/04\/WhatsApp-Image-2021-04-11-at-20.37.52-1-768x432.jpeg 768w, https:\/\/vreina.smartown.es\/wp-content\/uploads\/2021\/04\/WhatsApp-Image-2021-04-11-at-20.37.52-1-640x360.jpeg 640w, https:\/\/vreina.smartown.es\/wp-content\/uploads\/2021\/04\/WhatsApp-Image-2021-04-11-at-20.37.52-1-1200x675.jpeg 1200w, https:\/\/vreina.smartown.es\/wp-content\/uploads\/2021\/04\/WhatsApp-Image-2021-04-11-at-20.37.52-1-1920x1080.jpeg 1920w, https:\/\/vreina.smartown.es\/wp-content\/uploads\/2021\/04\/WhatsApp-Image-2021-04-11-at-20.37.52-1.jpeg 2048w\" sizes=\"(max-width: 639px) 98vw, (max-width: 1199px) 64vw, 770px\" \/><\/figure><\/li><\/ul>\n\n\n\n<figure class=\"wp-block-image\"><img alt=\"\" \/><\/figure>\n","protected":false},"excerpt":{"rendered":"<p>Aprovechando la \u00e9poca en la que los t\u00e9cnicos de jardiner\u00eda aconsejan, el consistorio ha remodelado varias zonas verdes en el n\u00facleo villanovero, dot\u00e1ndolo adem\u00e1s de mobiliario urbano como bancos o papeleras. El Ayuntamiento de&nbsp; Villanueva de la Reina ha concluido estos d\u00edas el arreglo de tres zonas verdes en la Quinter\u00eda cuya inversi\u00f3n estaba prevista [&hellip;]<\/p>\n","protected":false},"author":48,"featured_media":5702,"comment_status":"open","ping_status":"open","sticky":false,"template":"","format":"standard","meta":[],"categories":[1],"tags":[],"_links":{"self":[{"href":"https:\/\/vreina.smartown.es\/SI2API\/wp\/v2\/posts\/5701"}],"collection":[{"href":"https:\/\/vreina.smartown.es\/SI2API\/wp\/v2\/posts"}],"about":[{"href":"https:\/\/vreina.smartown.es\/SI2API\/wp\/v2\/types\/post"}],"author":[{"embeddable":true,"href":"https:\/\/vreina.smartown.es\/SI2API\/wp\/v2\/users\/48"}],"replies":[{"embeddable":true,"href":"https:\/\/vreina.smartown.es\/SI2API\/wp\/v2\/comments?post=5701"}],"version-history":[{"count":1,"href":"https:\/\/vreina.smartown.es\/SI2API\/wp\/v2\/posts\/5701\/revisions"}],"predecessor-version":[{"id":5708,"href":"https:\/\/vreina.smartown.es\/SI2API\/wp\/v2\/posts\/5701\/revisions\/5708"}],"wp:featuredmedia":[{"embeddable":true,"href":"https:\/\/vreina.smartown.es\/SI2API\/wp\/v2\/media\/5702"}],"wp:attachment":[{"href":"https:\/\/vreina.smartown.es\/SI2API\/wp\/v2\/media?parent=5701"}],"wp:term":[{"taxonomy":"category","embeddable":true,"href":"https:\/\/vreina.smartown.es\/SI2API\/wp\/v2\/categories?post=5701"},{"taxonomy":"post_tag","embeddable":true,"href":"https:\/\/vreina.smartown.es\/SI2API\/wp\/v2\/tags?post=5701"}],"curies":[{"name":"wp","href":"https:\/\/api.w.org\/{rel}","templated":true}]}}