{"id":5741,"date":"2021-04-28T13:09:59","date_gmt":"2021-04-28T11:09:59","guid":{"rendered":"https:\/\/vreina.smartown.es\/?p=5741"},"modified":"2021-05-03T09:20:49","modified_gmt":"2021-05-03T07:20:49","slug":"santa-potenciana-2021","status":"publish","type":"post","link":"https:\/\/vreina.smartown.es\/santa-potenciana-2021\/","title":{"rendered":"SANTA POTENCIANA 2021"},"content":{"rendered":"\n<div class=\"wp-block-image\"><figure class=\"alignleft is-resized\"><img loading=\"lazy\" src=\"https:\/\/vreina.smartown.es\/wp-content\/uploads\/2021\/04\/Dibujo-1.jpg\" alt=\"\" class=\"wp-image-5751\" width=\"339\" height=\"508\" srcset=\"https:\/\/vreina.smartown.es\/wp-content\/uploads\/2021\/04\/Dibujo-1.jpg 593w, https:\/\/vreina.smartown.es\/wp-content\/uploads\/2021\/04\/Dibujo-1-200x300.jpg 200w\" sizes=\"(max-width: 639px) 98vw, (max-width: 1199px) 64vw, 339px\" \/><figcaption>Autor: Manuel Contreras Cantero<\/figcaption><\/figure><\/div>\n\n\n\n<p>El a\u00f1o pasado no se pudo celebrar la Romer\u00eda en honor a nuestra patrona Santa Potenciana por la pandemia, aunque las condiciones sanitarias no han cambiado como todos deseamos, si lo ha hecho lo suficiente para que se puedan realizar algunas de las actividades dentro del programa de actos. Por eso se ha decidido llevar a cabo una programaci\u00f3n acorde con la situaci\u00f3n sanitaria, que nos permita, dentro de las normas establecidas por las autoridades, la celebraci\u00f3n de diferentes actos en nuestra localidad.<\/p>\n\n\n\n<div class=\"wp-block-file\"><a href=\"https:\/\/vreina.smartown.es\/wp-content\/uploads\/2021\/04\/PROGRAMA-ACTOS-SANTA-POTENCIANA-2021-2.pdf\">PROGRAMA ACTOS SANTA POTENCIANA 2021<\/a><a href=\"https:\/\/vreina.smartown.es\/wp-content\/uploads\/2021\/04\/PROGRAMA-ACTOS-SANTA-POTENCIANA-2021-2.pdf\" class=\"wp-block-file__button\" download>Descargar<\/a><\/div>\n\n\n\n<p><\/p>\n","protected":false},"excerpt":{"rendered":"<p>El a\u00f1o pasado no se pudo celebrar la Romer\u00eda en honor a nuestra patrona Santa Potenciana por la pandemia, aunque las condiciones sanitarias no han cambiado como todos deseamos, si lo ha hecho lo suficiente para que se puedan realizar algunas de las actividades dentro del programa de actos. Por eso se ha decidido llevar [&hellip;]<\/p>\n","protected":false},"author":43,"featured_media":5747,"comment_status":"open","ping_status":"open","sticky":false,"template":"","format":"standard","meta":[],"categories":[1],"tags":[],"_links":{"self":[{"href":"https:\/\/vreina.smartown.es\/SI2API\/wp\/v2\/posts\/5741"}],"collection":[{"href":"https:\/\/vreina.smartown.es\/SI2API\/wp\/v2\/posts"}],"about":[{"href":"https:\/\/vreina.smartown.es\/SI2API\/wp\/v2\/types\/post"}],"author":[{"embeddable":true,"href":"https:\/\/vreina.smartown.es\/SI2API\/wp\/v2\/users\/43"}],"replies":[{"embeddable":true,"href":"https:\/\/vreina.smartown.es\/SI2API\/wp\/v2\/comments?post=5741"}],"version-history":[{"count":5,"href":"https:\/\/vreina.smartown.es\/SI2API\/wp\/v2\/posts\/5741\/revisions"}],"predecessor-version":[{"id":5766,"href":"https:\/\/vreina.smartown.es\/SI2API\/wp\/v2\/posts\/5741\/revisions\/5766"}],"wp:featuredmedia":[{"embeddable":true,"href":"https:\/\/vreina.smartown.es\/SI2API\/wp\/v2\/media\/5747"}],"wp:attachment":[{"href":"https:\/\/vreina.smartown.es\/SI2API\/wp\/v2\/media?parent=5741"}],"wp:term":[{"taxonomy":"category","embeddable":true,"href":"https:\/\/vreina.smartown.es\/SI2API\/wp\/v2\/categories?post=5741"},{"taxonomy":"post_tag","embeddable":true,"href":"https:\/\/vreina.smartown.es\/SI2API\/wp\/v2\/tags?post=5741"}],"curies":[{"name":"wp","href":"https:\/\/api.w.org\/{rel}","templated":true}]}}