{"id":5838,"date":"2021-06-01T20:22:56","date_gmt":"2021-06-01T18:22:56","guid":{"rendered":"https:\/\/vreina.smartown.es\/?p=5838"},"modified":"2021-06-01T20:22:57","modified_gmt":"2021-06-01T18:22:57","slug":"el-ayuntamiento-aborda-con-sindicatos-la-consolidacion-y-mejora-del-empleo-en-el-consistorio","status":"publish","type":"post","link":"https:\/\/vreina.smartown.es\/el-ayuntamiento-aborda-con-sindicatos-la-consolidacion-y-mejora-del-empleo-en-el-consistorio\/","title":{"rendered":"El Ayuntamiento aborda con sindicatos la consolidaci\u00f3n y mejora del empleo en el consistorio"},"content":{"rendered":"\n<p><strong>Blas Alves ha presentado a representantes de UGT las iniciativas y planes para la mejora de condiciones y cumplimiento de normativas que el gobierno municipal tiene previstos de cara a los pr\u00f3ximos meses. <\/strong><\/p>\n\n\n\n<figure class=\"wp-block-image\"><img loading=\"lazy\" width=\"1024\" height=\"768\" src=\"https:\/\/vreina.smartown.es\/wp-content\/uploads\/2021\/06\/WhatsApp-Image-2021-05-29-at-12.03.10-1024x768.jpeg\" alt=\"\" class=\"wp-image-5839\" srcset=\"https:\/\/vreina.smartown.es\/wp-content\/uploads\/2021\/06\/WhatsApp-Image-2021-05-29-at-12.03.10.jpeg 1024w, https:\/\/vreina.smartown.es\/wp-content\/uploads\/2021\/06\/WhatsApp-Image-2021-05-29-at-12.03.10-300x225.jpeg 300w, https:\/\/vreina.smartown.es\/wp-content\/uploads\/2021\/06\/WhatsApp-Image-2021-05-29-at-12.03.10-768x576.jpeg 768w, https:\/\/vreina.smartown.es\/wp-content\/uploads\/2021\/06\/WhatsApp-Image-2021-05-29-at-12.03.10-640x480.jpeg 640w\" sizes=\"(max-width: 639px) 98vw, (max-width: 1199px) 64vw, 770px\" \/><\/figure>\n\n\n\n<p>Reuni\u00f3n de cortes\u00eda en el Ayuntamiento de Villanueva de la Reina entre miembros del gobierno municipal y representantes sindicales, en este caso de la Uni\u00f3n General de Trabajadores. La reuni\u00f3n ven\u00eda marcada por el anuncio por parte de la delegadas sindicales de nueva convocatoria de elecciones para elegir a los nuevos representantes de los empleados municipales previstas para final del mes de junio. <\/p>\n\n\n\n<p>Aprovechando el encuentro, el alcalde del municipio, Blas Alves, detall\u00f3 a las delegadas sindicales los diferentes proyectos en materia de mejora del empleo p\u00fablico que se tiene en mente y en alg\u00fan caso, en el que se est\u00e1 trabajando. <\/p>\n\n\n\n<p>\u00abEl primero de ellos es la redacci\u00f3n de una Relaci\u00f3n de Puestos de Trabajo que actualice y defina las funciones, remuneraciones y objetivos de los puestos que desempe\u00f1a cada trabajador del consistorio para dar certeza a los propios empleados y a los ciudadanos\u00bb, explicaba Alves.<\/p>\n\n\n\n<p>Y adem\u00e1s, el primer edil habl\u00f3 de que est\u00e1 en estudio la posibilidad de  hacer un expediente de consolidaci\u00f3n de empleo municipal con la idea de que, como indica el decreto del Gobierno Central, \u00abregularicemos la situaci\u00f3n contractual de muchos de esos empleados y conseguir no rebasar esa cifra del 8 por ciento de trabajadores laborales con un contrato de trabajo en fraude de ley que marca es normativa\u00bb, explica Alves. <\/p>\n","protected":false},"excerpt":{"rendered":"<p>Blas Alves ha presentado a representantes de UGT las iniciativas y planes para la mejora de condiciones y cumplimiento de normativas que el gobierno municipal tiene previstos de cara a los pr\u00f3ximos meses. Reuni\u00f3n de cortes\u00eda en el Ayuntamiento de Villanueva de la Reina entre miembros del gobierno municipal y representantes sindicales, en este caso [&hellip;]<\/p>\n","protected":false},"author":48,"featured_media":5839,"comment_status":"open","ping_status":"open","sticky":false,"template":"","format":"standard","meta":[],"categories":[1],"tags":[],"_links":{"self":[{"href":"https:\/\/vreina.smartown.es\/SI2API\/wp\/v2\/posts\/5838"}],"collection":[{"href":"https:\/\/vreina.smartown.es\/SI2API\/wp\/v2\/posts"}],"about":[{"href":"https:\/\/vreina.smartown.es\/SI2API\/wp\/v2\/types\/post"}],"author":[{"embeddable":true,"href":"https:\/\/vreina.smartown.es\/SI2API\/wp\/v2\/users\/48"}],"replies":[{"embeddable":true,"href":"https:\/\/vreina.smartown.es\/SI2API\/wp\/v2\/comments?post=5838"}],"version-history":[{"count":1,"href":"https:\/\/vreina.smartown.es\/SI2API\/wp\/v2\/posts\/5838\/revisions"}],"predecessor-version":[{"id":5840,"href":"https:\/\/vreina.smartown.es\/SI2API\/wp\/v2\/posts\/5838\/revisions\/5840"}],"wp:featuredmedia":[{"embeddable":true,"href":"https:\/\/vreina.smartown.es\/SI2API\/wp\/v2\/media\/5839"}],"wp:attachment":[{"href":"https:\/\/vreina.smartown.es\/SI2API\/wp\/v2\/media?parent=5838"}],"wp:term":[{"taxonomy":"category","embeddable":true,"href":"https:\/\/vreina.smartown.es\/SI2API\/wp\/v2\/categories?post=5838"},{"taxonomy":"post_tag","embeddable":true,"href":"https:\/\/vreina.smartown.es\/SI2API\/wp\/v2\/tags?post=5838"}],"curies":[{"name":"wp","href":"https:\/\/api.w.org\/{rel}","templated":true}]}}