{"id":5851,"date":"2021-06-03T10:39:12","date_gmt":"2021-06-03T08:39:12","guid":{"rendered":"https:\/\/vreina.smartown.es\/?p=5851"},"modified":"2021-06-03T10:53:49","modified_gmt":"2021-06-03T08:53:49","slug":"verano-cultural-2021","status":"publish","type":"post","link":"https:\/\/vreina.smartown.es\/verano-cultural-2021\/","title":{"rendered":"VERANO CULTURAL 2021"},"content":{"rendered":"\n<div class=\"wp-block-file\"><a href=\"https:\/\/vreina.smartown.es\/wp-content\/uploads\/2021\/06\/PROGRAMA-VERANO-CULTURAL-2021.pdf\">PROGRAMA  VERANO CULTURAL 2021<\/a><a href=\"https:\/\/vreina.smartown.es\/wp-content\/uploads\/2021\/06\/PROGRAMA-VERANO-CULTURAL-2021.pdf\" class=\"wp-block-file__button\" download>Descargar<\/a><\/div>\n\n\n\n<p><\/p>\n\n\n\n<p>El Ayuntamiento de Villanueva de la Reina se ha marcado el reto de proponer a los vecinos y vecinas de la localidad y a quienes nos visiten este verano, una amplia programaci\u00f3n cultural que llene de contenido las noches de los fines de semana de&nbsp; Junio, Julio y Agosto.<\/p>\n\n\n\n<p> Se trata de espect\u00e1culos de peque\u00f1o formato que permitan controlar aforos y reducir los riesgos de aglomeraciones, se celebrar\u00e1n reuniendo los requisitos y recomendaciones que las autoridades sanitarias hagan en cada momento para garantizar la seguridad. Debemos colaborar todos durante la celebraci\u00f3n de las actividades del programa, con el uso de mascarilla, uso de gel hidroalcoh\u00f3lico, garantizar la distancia entre personas, respetar el aforo m\u00e1ximo, etc.  <\/p>\n\n\n\n<p>Por este motivo, los eventos pueden estar sujetos a cambios en horarios u otras medidas a lo largo del transcurso del verano. <\/p>\n\n\n\n<p>Dentro del programa de dinamizaci\u00f3n se encuentra la VII edici\u00f3n de la Ruta de la Tapa, un programa en colaboraci\u00f3n con los bares y restaurantes del municipio y en la que se degustar\u00e1 la gastronom\u00eda de sus establecimientos con actuaciones musicales de artistas locales y de la provincia.<\/p>\n\n\n\n<p>Para apoyar el comercio local, los premios que se otorguen durante la realizaci\u00f3n de las actividades del programa, ser\u00e1n vales canjeables en las tiendas del pueblo adheridas a esta iniciativa.<\/p>\n","protected":false},"excerpt":{"rendered":"<p>El Ayuntamiento de Villanueva de la Reina se ha marcado el reto de proponer a los vecinos y vecinas de la localidad y a quienes nos visiten este verano, una amplia programaci\u00f3n cultural que llene de contenido las noches de los fines de semana de&nbsp; Junio, Julio y Agosto. Se trata de espect\u00e1culos de peque\u00f1o [&hellip;]<\/p>\n","protected":false},"author":43,"featured_media":5861,"comment_status":"open","ping_status":"open","sticky":false,"template":"","format":"standard","meta":[],"categories":[1],"tags":[],"_links":{"self":[{"href":"https:\/\/vreina.smartown.es\/SI2API\/wp\/v2\/posts\/5851"}],"collection":[{"href":"https:\/\/vreina.smartown.es\/SI2API\/wp\/v2\/posts"}],"about":[{"href":"https:\/\/vreina.smartown.es\/SI2API\/wp\/v2\/types\/post"}],"author":[{"embeddable":true,"href":"https:\/\/vreina.smartown.es\/SI2API\/wp\/v2\/users\/43"}],"replies":[{"embeddable":true,"href":"https:\/\/vreina.smartown.es\/SI2API\/wp\/v2\/comments?post=5851"}],"version-history":[{"count":4,"href":"https:\/\/vreina.smartown.es\/SI2API\/wp\/v2\/posts\/5851\/revisions"}],"predecessor-version":[{"id":5862,"href":"https:\/\/vreina.smartown.es\/SI2API\/wp\/v2\/posts\/5851\/revisions\/5862"}],"wp:featuredmedia":[{"embeddable":true,"href":"https:\/\/vreina.smartown.es\/SI2API\/wp\/v2\/media\/5861"}],"wp:attachment":[{"href":"https:\/\/vreina.smartown.es\/SI2API\/wp\/v2\/media?parent=5851"}],"wp:term":[{"taxonomy":"category","embeddable":true,"href":"https:\/\/vreina.smartown.es\/SI2API\/wp\/v2\/categories?post=5851"},{"taxonomy":"post_tag","embeddable":true,"href":"https:\/\/vreina.smartown.es\/SI2API\/wp\/v2\/tags?post=5851"}],"curies":[{"name":"wp","href":"https:\/\/api.w.org\/{rel}","templated":true}]}}