{"id":6321,"date":"2021-06-15T20:07:54","date_gmt":"2021-06-15T18:07:54","guid":{"rendered":"https:\/\/vreina.smartown.es\/?p=6321"},"modified":"2021-06-15T20:07:55","modified_gmt":"2021-06-15T18:07:55","slug":"formacion-en-lengua-de-signos-para-un-grupo-de-villanoveros","status":"publish","type":"post","link":"https:\/\/vreina.smartown.es\/formacion-en-lengua-de-signos-para-un-grupo-de-villanoveros\/","title":{"rendered":"Formaci\u00f3n en lengua de signos para un grupo de villanoveros"},"content":{"rendered":"\n<p>Este lunes ha comenzado un curso promovido por el Ayuntamiento (con la colaboraci\u00f3n de la Diputaci\u00f3n de Ja\u00e9n) en el que un grupo de alumnas se formar\u00e1n hasta poder acceder a conseguir el certificado A1.<\/p>\n\n\n\n<figure class=\"wp-block-image\"><img loading=\"lazy\" width=\"1024\" height=\"679\" src=\"https:\/\/vreina.smartown.es\/wp-content\/uploads\/2021\/06\/WhatsApp-Image-2021-06-15-at-14.12.55-1024x679.jpeg\" alt=\"\" class=\"wp-image-6322\" srcset=\"https:\/\/vreina.smartown.es\/wp-content\/uploads\/2021\/06\/WhatsApp-Image-2021-06-15-at-14.12.55-1024x679.jpeg 1024w, https:\/\/vreina.smartown.es\/wp-content\/uploads\/2021\/06\/WhatsApp-Image-2021-06-15-at-14.12.55-300x199.jpeg 300w, https:\/\/vreina.smartown.es\/wp-content\/uploads\/2021\/06\/WhatsApp-Image-2021-06-15-at-14.12.55-768x509.jpeg 768w, https:\/\/vreina.smartown.es\/wp-content\/uploads\/2021\/06\/WhatsApp-Image-2021-06-15-at-14.12.55-640x425.jpeg 640w, https:\/\/vreina.smartown.es\/wp-content\/uploads\/2021\/06\/WhatsApp-Image-2021-06-15-at-14.12.55.jpeg 1200w\" sizes=\"(max-width: 639px) 98vw, (max-width: 1199px) 64vw, 770px\" \/><\/figure>\n\n\n\n<p>Esta semana ha tenido lugar el inicio del curso de  lengua de signos espa\u00f1ola. Comenzaba este lunes y se alargar\u00e1 hasta el pr\u00f3ximo lunes 5 de julio cuando est\u00e9 previsto que concluya una formaci\u00f3n de la que se est\u00e1n aprovechando una docena de villanoveras, principalmente mujeres. <\/p>\n\n\n\n<p>Se trata de  un curso organizado por la Asociaci\u00f3n Juvenil y con la colaboraci\u00f3n del Ayuntamiento (a la vez es una acci\u00f3n subvencionada por la Diputaci\u00f3n de Ja\u00e9n) que cuenta con una duraci\u00f3n de 60 horas. Una buena oportunidad para que los j\u00f3venes y profesionales que se dedican al \u00e1mbito de la educaci\u00f3n sigan form\u00e1ndose y prepar\u00e1ndose para un futuro m\u00e1s integrador para con las personas que tienen deficiencia auditiva. El taller est\u00e1 impartido por la empresa Fortalezas y est\u00e1 dirigido por la monitora  Estrella Verdejo.<\/p>\n\n\n\n<p>De hecho, la homologaci\u00f3n de los contenidos permitir\u00e1 que las personas que van a recibir la formaci\u00f3n tengan en un futuro la posibilidad de,  una vez acabado el taller,  acceder a las pruebas libres del A1 de LSE a trav\u00e9s de APROSOJA.<\/p>\n\n\n\n<figure class=\"wp-block-image\"><img loading=\"lazy\" width=\"1024\" height=\"519\" src=\"https:\/\/vreina.smartown.es\/wp-content\/uploads\/2021\/06\/WhatsApp-Image-2021-06-15-at-14.12.56-1024x519.jpeg\" alt=\"\" class=\"wp-image-6323\" srcset=\"https:\/\/vreina.smartown.es\/wp-content\/uploads\/2021\/06\/WhatsApp-Image-2021-06-15-at-14.12.56-1024x519.jpeg 1024w, https:\/\/vreina.smartown.es\/wp-content\/uploads\/2021\/06\/WhatsApp-Image-2021-06-15-at-14.12.56-300x152.jpeg 300w, https:\/\/vreina.smartown.es\/wp-content\/uploads\/2021\/06\/WhatsApp-Image-2021-06-15-at-14.12.56-768x389.jpeg 768w, https:\/\/vreina.smartown.es\/wp-content\/uploads\/2021\/06\/WhatsApp-Image-2021-06-15-at-14.12.56-640x324.jpeg 640w, https:\/\/vreina.smartown.es\/wp-content\/uploads\/2021\/06\/WhatsApp-Image-2021-06-15-at-14.12.56.jpeg 1200w\" sizes=\"(max-width: 639px) 98vw, (max-width: 1199px) 64vw, 770px\" \/><\/figure>\n","protected":false},"excerpt":{"rendered":"<p>Este lunes ha comenzado un curso promovido por el Ayuntamiento (con la colaboraci\u00f3n de la Diputaci\u00f3n de Ja\u00e9n) en el que un grupo de alumnas se formar\u00e1n hasta poder acceder a conseguir el certificado A1. Esta semana ha tenido lugar el inicio del curso de lengua de signos espa\u00f1ola. Comenzaba este lunes y se alargar\u00e1 [&hellip;]<\/p>\n","protected":false},"author":48,"featured_media":6322,"comment_status":"open","ping_status":"open","sticky":false,"template":"","format":"standard","meta":[],"categories":[1],"tags":[],"_links":{"self":[{"href":"https:\/\/vreina.smartown.es\/SI2API\/wp\/v2\/posts\/6321"}],"collection":[{"href":"https:\/\/vreina.smartown.es\/SI2API\/wp\/v2\/posts"}],"about":[{"href":"https:\/\/vreina.smartown.es\/SI2API\/wp\/v2\/types\/post"}],"author":[{"embeddable":true,"href":"https:\/\/vreina.smartown.es\/SI2API\/wp\/v2\/users\/48"}],"replies":[{"embeddable":true,"href":"https:\/\/vreina.smartown.es\/SI2API\/wp\/v2\/comments?post=6321"}],"version-history":[{"count":1,"href":"https:\/\/vreina.smartown.es\/SI2API\/wp\/v2\/posts\/6321\/revisions"}],"predecessor-version":[{"id":6324,"href":"https:\/\/vreina.smartown.es\/SI2API\/wp\/v2\/posts\/6321\/revisions\/6324"}],"wp:featuredmedia":[{"embeddable":true,"href":"https:\/\/vreina.smartown.es\/SI2API\/wp\/v2\/media\/6322"}],"wp:attachment":[{"href":"https:\/\/vreina.smartown.es\/SI2API\/wp\/v2\/media?parent=6321"}],"wp:term":[{"taxonomy":"category","embeddable":true,"href":"https:\/\/vreina.smartown.es\/SI2API\/wp\/v2\/categories?post=6321"},{"taxonomy":"post_tag","embeddable":true,"href":"https:\/\/vreina.smartown.es\/SI2API\/wp\/v2\/tags?post=6321"}],"curies":[{"name":"wp","href":"https:\/\/api.w.org\/{rel}","templated":true}]}}