{"id":6334,"date":"2021-06-18T10:14:39","date_gmt":"2021-06-18T08:14:39","guid":{"rendered":"https:\/\/vreina.smartown.es\/?p=6334"},"modified":"2021-06-18T10:23:27","modified_gmt":"2021-06-18T08:23:27","slug":"la-musica-como-terapia-para-personas-con-diversidad-funcional","status":"publish","type":"post","link":"https:\/\/vreina.smartown.es\/la-musica-como-terapia-para-personas-con-diversidad-funcional\/","title":{"rendered":"La m\u00fasica como terapia para personas con diversidad funcional"},"content":{"rendered":"\n<p>Una iniciativa de Ayuntamiento de Villanueva y la asociaci\u00f3n de cuidadores de personas con diversidad funcional de Villanueva est\u00e1 llevando al taller de integraci\u00f3n la m\u00fasica como una forma de hacer terapia.<\/p>\n\n\n\n<ul class=\"wp-container-2 wp-block-gallery-1 wp-block-gallery columns-3 is-cropped\"><li class=\"blocks-gallery-item\"><figure><img loading=\"lazy\" width=\"1024\" height=\"768\" src=\"https:\/\/vreina.smartown.es\/wp-content\/uploads\/2021\/06\/WhatsApp-Image-2021-06-17-at-09.56.34-2-1024x768.jpeg\" alt=\"\" data-id=\"6335\" data-link=\"https:\/\/vreina.smartown.es\/?attachment_id=6335\" class=\"wp-image-6335\" srcset=\"https:\/\/vreina.smartown.es\/wp-content\/uploads\/2021\/06\/WhatsApp-Image-2021-06-17-at-09.56.34-2-1024x768.jpeg 1024w, https:\/\/vreina.smartown.es\/wp-content\/uploads\/2021\/06\/WhatsApp-Image-2021-06-17-at-09.56.34-2-300x225.jpeg 300w, https:\/\/vreina.smartown.es\/wp-content\/uploads\/2021\/06\/WhatsApp-Image-2021-06-17-at-09.56.34-2-768x576.jpeg 768w, https:\/\/vreina.smartown.es\/wp-content\/uploads\/2021\/06\/WhatsApp-Image-2021-06-17-at-09.56.34-2-640x480.jpeg 640w, https:\/\/vreina.smartown.es\/wp-content\/uploads\/2021\/06\/WhatsApp-Image-2021-06-17-at-09.56.34-2-1200x900.jpeg 1200w, https:\/\/vreina.smartown.es\/wp-content\/uploads\/2021\/06\/WhatsApp-Image-2021-06-17-at-09.56.34-2-1920x1440.jpeg 1920w, https:\/\/vreina.smartown.es\/wp-content\/uploads\/2021\/06\/WhatsApp-Image-2021-06-17-at-09.56.34-2.jpeg 2000w\" sizes=\"(max-width: 639px) 98vw, (max-width: 1199px) 64vw, 770px\" \/><\/figure><\/li><li class=\"blocks-gallery-item\"><figure><img loading=\"lazy\" width=\"1024\" height=\"768\" src=\"https:\/\/vreina.smartown.es\/wp-content\/uploads\/2021\/06\/WhatsApp-Image-2021-06-17-at-09.56.34-1-1024x768.jpeg\" alt=\"\" data-id=\"6336\" data-link=\"https:\/\/vreina.smartown.es\/?attachment_id=6336\" class=\"wp-image-6336\" srcset=\"https:\/\/vreina.smartown.es\/wp-content\/uploads\/2021\/06\/WhatsApp-Image-2021-06-17-at-09.56.34-1-1024x768.jpeg 1024w, https:\/\/vreina.smartown.es\/wp-content\/uploads\/2021\/06\/WhatsApp-Image-2021-06-17-at-09.56.34-1-300x225.jpeg 300w, https:\/\/vreina.smartown.es\/wp-content\/uploads\/2021\/06\/WhatsApp-Image-2021-06-17-at-09.56.34-1-768x576.jpeg 768w, https:\/\/vreina.smartown.es\/wp-content\/uploads\/2021\/06\/WhatsApp-Image-2021-06-17-at-09.56.34-1-640x480.jpeg 640w, https:\/\/vreina.smartown.es\/wp-content\/uploads\/2021\/06\/WhatsApp-Image-2021-06-17-at-09.56.34-1-1200x900.jpeg 1200w, https:\/\/vreina.smartown.es\/wp-content\/uploads\/2021\/06\/WhatsApp-Image-2021-06-17-at-09.56.34-1-1920x1440.jpeg 1920w, https:\/\/vreina.smartown.es\/wp-content\/uploads\/2021\/06\/WhatsApp-Image-2021-06-17-at-09.56.34-1.jpeg 2000w\" sizes=\"(max-width: 639px) 98vw, (max-width: 1199px) 64vw, 770px\" \/><\/figure><\/li><li class=\"blocks-gallery-item\"><figure><img loading=\"lazy\" width=\"989\" height=\"1024\" src=\"https:\/\/vreina.smartown.es\/wp-content\/uploads\/2021\/06\/WhatsApp-Image-2021-06-17-at-09.56.34-989x1024.jpeg\" alt=\"\" data-id=\"6337\" data-link=\"https:\/\/vreina.smartown.es\/?attachment_id=6337\" class=\"wp-image-6337\" srcset=\"https:\/\/vreina.smartown.es\/wp-content\/uploads\/2021\/06\/WhatsApp-Image-2021-06-17-at-09.56.34-989x1024.jpeg 989w, https:\/\/vreina.smartown.es\/wp-content\/uploads\/2021\/06\/WhatsApp-Image-2021-06-17-at-09.56.34-290x300.jpeg 290w, https:\/\/vreina.smartown.es\/wp-content\/uploads\/2021\/06\/WhatsApp-Image-2021-06-17-at-09.56.34-768x795.jpeg 768w, https:\/\/vreina.smartown.es\/wp-content\/uploads\/2021\/06\/WhatsApp-Image-2021-06-17-at-09.56.34-640x663.jpeg 640w, https:\/\/vreina.smartown.es\/wp-content\/uploads\/2021\/06\/WhatsApp-Image-2021-06-17-at-09.56.34-1024x1060.jpeg 1024w, https:\/\/vreina.smartown.es\/wp-content\/uploads\/2021\/06\/WhatsApp-Image-2021-06-17-at-09.56.34-1200x1243.jpeg 1200w, https:\/\/vreina.smartown.es\/wp-content\/uploads\/2021\/06\/WhatsApp-Image-2021-06-17-at-09.56.34.jpeg 1545w\" sizes=\"(max-width: 639px) 98vw, (max-width: 1199px) 64vw, 770px\" \/><\/figure><\/li><\/ul>\n\n\n\n<p>Esta semana ha dado comienzo un taller de musicoterapia para los usuarios del Taller de Integraci\u00f3n municipal de Villanueva de la Reina. Una iniciativa que sirve para poner en com\u00fan <\/p>\n\n\n\n<p>Gracias a este proyecto, impulsado por el Ayuntamiento villanovero, miembros de la asociaci\u00f3n ACUPD y de la casa hogar disfrutaron a la vez que aprend\u00edan y practicaban con ritmos y sonidos la memoria.<\/p>\n\n\n\n<p>El taller empez\u00f3 este pasado mi\u00e9rcoles 16 y finalizar\u00e1 el 11 de agosto. Organizado, por el consistorio, este taller se realizar\u00e1 al conseguir fondos de una subvenci\u00f3n en materia de Igualdad concedida por la Diputaci\u00f3n de Ja\u00e9n. <\/p>\n","protected":false},"excerpt":{"rendered":"<p>Una iniciativa de Ayuntamiento de Villanueva y la asociaci\u00f3n de cuidadores de personas con diversidad funcional de Villanueva est\u00e1 llevando al taller de integraci\u00f3n la m\u00fasica como una forma de hacer terapia. Esta semana ha dado comienzo un taller de musicoterapia para los usuarios del Taller de Integraci\u00f3n municipal de Villanueva de la Reina. Una [&hellip;]<\/p>\n","protected":false},"author":48,"featured_media":6337,"comment_status":"open","ping_status":"open","sticky":false,"template":"","format":"standard","meta":[],"categories":[1],"tags":[],"_links":{"self":[{"href":"https:\/\/vreina.smartown.es\/SI2API\/wp\/v2\/posts\/6334"}],"collection":[{"href":"https:\/\/vreina.smartown.es\/SI2API\/wp\/v2\/posts"}],"about":[{"href":"https:\/\/vreina.smartown.es\/SI2API\/wp\/v2\/types\/post"}],"author":[{"embeddable":true,"href":"https:\/\/vreina.smartown.es\/SI2API\/wp\/v2\/users\/48"}],"replies":[{"embeddable":true,"href":"https:\/\/vreina.smartown.es\/SI2API\/wp\/v2\/comments?post=6334"}],"version-history":[{"count":2,"href":"https:\/\/vreina.smartown.es\/SI2API\/wp\/v2\/posts\/6334\/revisions"}],"predecessor-version":[{"id":6339,"href":"https:\/\/vreina.smartown.es\/SI2API\/wp\/v2\/posts\/6334\/revisions\/6339"}],"wp:featuredmedia":[{"embeddable":true,"href":"https:\/\/vreina.smartown.es\/SI2API\/wp\/v2\/media\/6337"}],"wp:attachment":[{"href":"https:\/\/vreina.smartown.es\/SI2API\/wp\/v2\/media?parent=6334"}],"wp:term":[{"taxonomy":"category","embeddable":true,"href":"https:\/\/vreina.smartown.es\/SI2API\/wp\/v2\/categories?post=6334"},{"taxonomy":"post_tag","embeddable":true,"href":"https:\/\/vreina.smartown.es\/SI2API\/wp\/v2\/tags?post=6334"}],"curies":[{"name":"wp","href":"https:\/\/api.w.org\/{rel}","templated":true}]}}