{"id":6341,"date":"2021-06-23T07:57:51","date_gmt":"2021-06-23T05:57:51","guid":{"rendered":"https:\/\/vreina.smartown.es\/?p=6341"},"modified":"2021-06-23T07:57:52","modified_gmt":"2021-06-23T05:57:52","slug":"reconocimiento-a-nuestra-comunidad-educativa","status":"publish","type":"post","link":"https:\/\/vreina.smartown.es\/reconocimiento-a-nuestra-comunidad-educativa\/","title":{"rendered":"RECONOCIMIENTO A NUESTRA COMUNIDAD EDUCATIVA"},"content":{"rendered":"\n<p> La concejala de educaci\u00f3n, Lola B\u00e9jar ha participado en la entrega de premios de Diario Ja\u00e9n en el marco de su concurso PRENSA-Escuela.<\/p>\n\n\n\n<p>En  nuestro municipio ha reca\u00eddo en el colegio Sta Potenciana de Villanueva de la Reina. <\/p>\n\n\n\n<p>El CEIP Santa Potenciana ha sido galardonado con el  primer premio especial a la participaci\u00f3n enmarcado dentro del 33 Conscurso Prensa-Escuela organizado por Diario Ja\u00e9n, cuya tem\u00e1tica versaba sobre \u00abEconom\u00eda circular\u00bb.  El premio ha consistido en un ordenador de sobremesa.<\/p>\n\n\n\n<p>La participaci\u00f3n en el concurso se enmarca dentro de la l\u00ednea de trabajo que se est\u00e1 llevando desde a\u00f1os en el colegio, en el que la competencia ling\u00fc\u00edstica cobra una relevacia fundamental y en este caso que nos ocupa se centra en la expresi\u00f3n escrita. Destacar que han participado todo el alumnado del centro de educaci\u00f3n primaria, desde 1\u00ba hasta 6\u00ba, por ese motivo nos han concedido el premio, por incentivar al nuestro alumnado a escribir como medio de expresi\u00f3n y de comunicaci\u00f3n.<\/p>\n\n\n\n<figure class=\"wp-block-image\"><img loading=\"lazy\" width=\"768\" height=\"1024\" src=\"https:\/\/vreina.smartown.es\/wp-content\/uploads\/2021\/06\/Diario-Jaen-entrega-premios-periodisticos-768x1024.jpeg\" alt=\"\" class=\"wp-image-6342\" srcset=\"https:\/\/vreina.smartown.es\/wp-content\/uploads\/2021\/06\/Diario-Jaen-entrega-premios-periodisticos-768x1024.jpeg 768w, https:\/\/vreina.smartown.es\/wp-content\/uploads\/2021\/06\/Diario-Jaen-entrega-premios-periodisticos-225x300.jpeg 225w, https:\/\/vreina.smartown.es\/wp-content\/uploads\/2021\/06\/Diario-Jaen-entrega-premios-periodisticos-640x853.jpeg 640w, https:\/\/vreina.smartown.es\/wp-content\/uploads\/2021\/06\/Diario-Jaen-entrega-premios-periodisticos-1024x1365.jpeg 1024w, https:\/\/vreina.smartown.es\/wp-content\/uploads\/2021\/06\/Diario-Jaen-entrega-premios-periodisticos-1200x1600.jpeg 1200w, https:\/\/vreina.smartown.es\/wp-content\/uploads\/2021\/06\/Diario-Jaen-entrega-premios-periodisticos.jpeg 1536w\" sizes=\"(max-width: 639px) 98vw, (max-width: 1199px) 64vw, 768px\" \/><\/figure>\n","protected":false},"excerpt":{"rendered":"<p>La concejala de educaci\u00f3n, Lola B\u00e9jar ha participado en la entrega de premios de Diario Ja\u00e9n en el marco de su concurso PRENSA-Escuela. En nuestro municipio ha reca\u00eddo en el colegio Sta Potenciana de Villanueva de la Reina. El CEIP Santa Potenciana ha sido galardonado con el primer premio especial a la participaci\u00f3n enmarcado dentro [&hellip;]<\/p>\n","protected":false},"author":43,"featured_media":6342,"comment_status":"open","ping_status":"open","sticky":false,"template":"","format":"standard","meta":[],"categories":[1],"tags":[],"_links":{"self":[{"href":"https:\/\/vreina.smartown.es\/SI2API\/wp\/v2\/posts\/6341"}],"collection":[{"href":"https:\/\/vreina.smartown.es\/SI2API\/wp\/v2\/posts"}],"about":[{"href":"https:\/\/vreina.smartown.es\/SI2API\/wp\/v2\/types\/post"}],"author":[{"embeddable":true,"href":"https:\/\/vreina.smartown.es\/SI2API\/wp\/v2\/users\/43"}],"replies":[{"embeddable":true,"href":"https:\/\/vreina.smartown.es\/SI2API\/wp\/v2\/comments?post=6341"}],"version-history":[{"count":1,"href":"https:\/\/vreina.smartown.es\/SI2API\/wp\/v2\/posts\/6341\/revisions"}],"predecessor-version":[{"id":6343,"href":"https:\/\/vreina.smartown.es\/SI2API\/wp\/v2\/posts\/6341\/revisions\/6343"}],"wp:featuredmedia":[{"embeddable":true,"href":"https:\/\/vreina.smartown.es\/SI2API\/wp\/v2\/media\/6342"}],"wp:attachment":[{"href":"https:\/\/vreina.smartown.es\/SI2API\/wp\/v2\/media?parent=6341"}],"wp:term":[{"taxonomy":"category","embeddable":true,"href":"https:\/\/vreina.smartown.es\/SI2API\/wp\/v2\/categories?post=6341"},{"taxonomy":"post_tag","embeddable":true,"href":"https:\/\/vreina.smartown.es\/SI2API\/wp\/v2\/tags?post=6341"}],"curies":[{"name":"wp","href":"https:\/\/api.w.org\/{rel}","templated":true}]}}