{"id":6380,"date":"2021-06-29T20:31:42","date_gmt":"2021-06-29T18:31:42","guid":{"rendered":"https:\/\/vreina.smartown.es\/?p=6380"},"modified":"2021-06-29T20:31:44","modified_gmt":"2021-06-29T18:31:44","slug":"mas-espacios-de-sombra-para-las-zonas-de-recreo","status":"publish","type":"post","link":"https:\/\/vreina.smartown.es\/mas-espacios-de-sombra-para-las-zonas-de-recreo\/","title":{"rendered":"M\u00e1s espacios de sombra para las zonas de recreo"},"content":{"rendered":"\n<p>El Ayuntamiento instala una p\u00e9rgola para habilitar zonas de sombra en espacios de recreo frecuentados especialmente por personas mayores para hacer m\u00e1s llevaderas las temperaturas estivales. <\/p>\n\n\n\n<ul class=\"wp-container-2 wp-block-gallery-1 wp-block-gallery columns-3 is-cropped\"><li class=\"blocks-gallery-item\"><figure><img loading=\"lazy\" width=\"1024\" height=\"576\" src=\"https:\/\/vreina.smartown.es\/wp-content\/uploads\/2021\/06\/WhatsApp-Image-2021-06-25-at-11.46.41-1024x576.jpeg\" alt=\"\" data-id=\"6381\" data-link=\"https:\/\/vreina.smartown.es\/?attachment_id=6381\" class=\"wp-image-6381\" srcset=\"https:\/\/vreina.smartown.es\/wp-content\/uploads\/2021\/06\/WhatsApp-Image-2021-06-25-at-11.46.41-1024x576.jpeg 1024w, https:\/\/vreina.smartown.es\/wp-content\/uploads\/2021\/06\/WhatsApp-Image-2021-06-25-at-11.46.41-300x169.jpeg 300w, https:\/\/vreina.smartown.es\/wp-content\/uploads\/2021\/06\/WhatsApp-Image-2021-06-25-at-11.46.41-768x432.jpeg 768w, https:\/\/vreina.smartown.es\/wp-content\/uploads\/2021\/06\/WhatsApp-Image-2021-06-25-at-11.46.41-640x360.jpeg 640w, https:\/\/vreina.smartown.es\/wp-content\/uploads\/2021\/06\/WhatsApp-Image-2021-06-25-at-11.46.41-1200x675.jpeg 1200w, https:\/\/vreina.smartown.es\/wp-content\/uploads\/2021\/06\/WhatsApp-Image-2021-06-25-at-11.46.41.jpeg 1600w\" sizes=\"(max-width: 639px) 98vw, (max-width: 1199px) 64vw, 770px\" \/><\/figure><\/li><li class=\"blocks-gallery-item\"><figure><img loading=\"lazy\" width=\"1024\" height=\"576\" src=\"https:\/\/vreina.smartown.es\/wp-content\/uploads\/2021\/06\/WhatsApp-Image-2021-06-25-at-11.46.34-1024x576.jpeg\" alt=\"\" data-id=\"6382\" data-link=\"https:\/\/vreina.smartown.es\/?attachment_id=6382\" class=\"wp-image-6382\" srcset=\"https:\/\/vreina.smartown.es\/wp-content\/uploads\/2021\/06\/WhatsApp-Image-2021-06-25-at-11.46.34-1024x576.jpeg 1024w, https:\/\/vreina.smartown.es\/wp-content\/uploads\/2021\/06\/WhatsApp-Image-2021-06-25-at-11.46.34-300x169.jpeg 300w, https:\/\/vreina.smartown.es\/wp-content\/uploads\/2021\/06\/WhatsApp-Image-2021-06-25-at-11.46.34-768x432.jpeg 768w, https:\/\/vreina.smartown.es\/wp-content\/uploads\/2021\/06\/WhatsApp-Image-2021-06-25-at-11.46.34-640x360.jpeg 640w, https:\/\/vreina.smartown.es\/wp-content\/uploads\/2021\/06\/WhatsApp-Image-2021-06-25-at-11.46.34-1200x675.jpeg 1200w, https:\/\/vreina.smartown.es\/wp-content\/uploads\/2021\/06\/WhatsApp-Image-2021-06-25-at-11.46.34.jpeg 1600w\" sizes=\"(max-width: 639px) 98vw, (max-width: 1199px) 64vw, 770px\" \/><\/figure><\/li><li class=\"blocks-gallery-item\"><figure><img loading=\"lazy\" width=\"1024\" height=\"576\" src=\"https:\/\/vreina.smartown.es\/wp-content\/uploads\/2021\/06\/WhatsApp-Image-2021-06-25-at-11.46.22-1024x576.jpeg\" alt=\"\" data-id=\"6383\" data-link=\"https:\/\/vreina.smartown.es\/?attachment_id=6383\" class=\"wp-image-6383\" srcset=\"https:\/\/vreina.smartown.es\/wp-content\/uploads\/2021\/06\/WhatsApp-Image-2021-06-25-at-11.46.22-1024x576.jpeg 1024w, https:\/\/vreina.smartown.es\/wp-content\/uploads\/2021\/06\/WhatsApp-Image-2021-06-25-at-11.46.22-300x169.jpeg 300w, https:\/\/vreina.smartown.es\/wp-content\/uploads\/2021\/06\/WhatsApp-Image-2021-06-25-at-11.46.22-768x432.jpeg 768w, https:\/\/vreina.smartown.es\/wp-content\/uploads\/2021\/06\/WhatsApp-Image-2021-06-25-at-11.46.22-640x360.jpeg 640w, https:\/\/vreina.smartown.es\/wp-content\/uploads\/2021\/06\/WhatsApp-Image-2021-06-25-at-11.46.22-1200x675.jpeg 1200w, https:\/\/vreina.smartown.es\/wp-content\/uploads\/2021\/06\/WhatsApp-Image-2021-06-25-at-11.46.22.jpeg 1600w\" sizes=\"(max-width: 639px) 98vw, (max-width: 1199px) 64vw, 770px\" \/><\/figure><\/li><\/ul>\n\n\n\n<p>Con rollos de mimbres, es decir, con materiales mimetizados con el entorno, hemos habilitado desde el Ayuntamiento de Villanueva de la Reina una nueva zona de sombras en un espacio especialmente usado por zonas mayores. Desde el equipo de gobierno explican que se trata de un mirador junto al Centro de Interpretaci\u00f3n donde la p\u00e9rgola ha sido cubierta con este material y permitir\u00e1 \u00abhacer m\u00e1s llevaderas las temperaturas estivales\u00bb. <\/p>\n\n\n\n<p>La idea, en palabras del alcalde, Blas Alves, es \u00abir haciendo poco a poco de Villanueva una localidad m\u00e1s amable y habitable\u00bb. \u00abPara ello acometemos inversiones de calado como ha podido ser este mandato la renovaci\u00f3n casi al completo de las luminarias para ahorrar energ\u00eda y eliminar emisiones de CO2, y por otro lado, inversiones mucho m\u00e1s modestas, con una inversi\u00f3n mucho m\u00e1s reducida, pero que finalmente tambi\u00e9n vienen a mejorar la calidad de vida de nuestros vecinos y vecinas\u00bb. <\/p>\n","protected":false},"excerpt":{"rendered":"<p>El Ayuntamiento instala una p\u00e9rgola para habilitar zonas de sombra en espacios de recreo frecuentados especialmente por personas mayores para hacer m\u00e1s llevaderas las temperaturas estivales. Con rollos de mimbres, es decir, con materiales mimetizados con el entorno, hemos habilitado desde el Ayuntamiento de Villanueva de la Reina una nueva zona de sombras en un [&hellip;]<\/p>\n","protected":false},"author":48,"featured_media":6383,"comment_status":"open","ping_status":"open","sticky":false,"template":"","format":"standard","meta":[],"categories":[1],"tags":[],"_links":{"self":[{"href":"https:\/\/vreina.smartown.es\/SI2API\/wp\/v2\/posts\/6380"}],"collection":[{"href":"https:\/\/vreina.smartown.es\/SI2API\/wp\/v2\/posts"}],"about":[{"href":"https:\/\/vreina.smartown.es\/SI2API\/wp\/v2\/types\/post"}],"author":[{"embeddable":true,"href":"https:\/\/vreina.smartown.es\/SI2API\/wp\/v2\/users\/48"}],"replies":[{"embeddable":true,"href":"https:\/\/vreina.smartown.es\/SI2API\/wp\/v2\/comments?post=6380"}],"version-history":[{"count":1,"href":"https:\/\/vreina.smartown.es\/SI2API\/wp\/v2\/posts\/6380\/revisions"}],"predecessor-version":[{"id":6384,"href":"https:\/\/vreina.smartown.es\/SI2API\/wp\/v2\/posts\/6380\/revisions\/6384"}],"wp:featuredmedia":[{"embeddable":true,"href":"https:\/\/vreina.smartown.es\/SI2API\/wp\/v2\/media\/6383"}],"wp:attachment":[{"href":"https:\/\/vreina.smartown.es\/SI2API\/wp\/v2\/media?parent=6380"}],"wp:term":[{"taxonomy":"category","embeddable":true,"href":"https:\/\/vreina.smartown.es\/SI2API\/wp\/v2\/categories?post=6380"},{"taxonomy":"post_tag","embeddable":true,"href":"https:\/\/vreina.smartown.es\/SI2API\/wp\/v2\/tags?post=6380"}],"curies":[{"name":"wp","href":"https:\/\/api.w.org\/{rel}","templated":true}]}}