{"id":6408,"date":"2021-07-14T19:45:03","date_gmt":"2021-07-14T17:45:03","guid":{"rendered":"https:\/\/vreina.smartown.es\/?p=6408"},"modified":"2021-07-14T19:45:04","modified_gmt":"2021-07-14T17:45:04","slug":"abierto-el-plazo-para-dos-cursos-de-capacitacion-en-el-entorno-de-villanueva-del-programa-proempleo","status":"publish","type":"post","link":"https:\/\/vreina.smartown.es\/abierto-el-plazo-para-dos-cursos-de-capacitacion-en-el-entorno-de-villanueva-del-programa-proempleo\/","title":{"rendered":"Abierto el plazo para dos cursos de capacitaci\u00f3n en el entorno de Villanueva del programa Proempleo"},"content":{"rendered":"\n<p>  Ya est\u00e1 operativa en la web de la Diputaci\u00f3n! Abierto el plazo plazo de solicitudes de preinscripci\u00f3n para las acciones formativas del proyecto \u201cProempleo7\u201d, dos de ellas Villanueva y Arjona. Os dejamos los detalles de estos dos cursos:  <br><\/p>\n\n\n\n<p><strong><a>OPERACIONES B\u00c1SICAS DE RESTAURANTE Y BAR Ed.&nbsp;<\/a>1.&nbsp;<\/strong>Abierto plazo de preinscripci\u00f3n hasta el pr\u00f3ximo&nbsp;<strong>22 de julio<\/strong>. Que se va a realizar en&nbsp;<strong>ARJONA<\/strong><strong>.<\/strong><\/p>\n\n\n\n<p><strong>MONTAJE Y MANTENIMIENTO DE INSTALACIONES SOLARES FOTOVOLTAICAS. Ed. 1.&nbsp;<\/strong>Abierto plazo de preinscripci\u00f3n hasta el pr\u00f3ximo&nbsp;<strong>22 de julio<\/strong>. Que se va a realizar en&nbsp;<strong>VILLANUEVA DE LA REINA<\/strong><strong>.<\/strong><\/p>\n\n\n\n<p>Accede a nuestra web desde el siguiente enlace:<\/p>\n\n\n\n<figure class=\"wp-block-embed\"><div class=\"wp-block-embed__wrapper\">\nhttps:\/\/proempleo7.es\/\n<\/div><\/figure>\n\n\n\n<p>Os recordamosque para poder participar en nuestros proyectos, los solicitantes deben pertenecer a alg\u00fan colectivo vulnerable:<\/p>\n\n\n\n<p>\u00b7&nbsp;&nbsp;&nbsp;Personas desempleadas de larga duraci\u00f3n (PLD)<\/p>\n\n\n\n<p>\u00b7&nbsp;&nbsp;&nbsp;J\u00f3venes menores de 30 a\u00f1os no atendidos por el Programa Operativo de Empleo Juvenil (POEJ)<\/p>\n\n\n\n<p>\u00b7&nbsp;&nbsp;&nbsp;Personas mayores de 55 a\u00f1os<\/p>\n\n\n\n<p>\u00b7&nbsp;&nbsp;&nbsp;Personas con discapacidad<\/p>\n\n\n\n<p>\u00b7&nbsp;&nbsp;&nbsp;Inmigrantes<\/p>\n\n\n\n<p>\u00b7&nbsp;&nbsp;&nbsp;Minor\u00edas \u00e9tnicas y comunidades marginadas<\/p>\n\n\n\n<p>\u00b7&nbsp;&nbsp;&nbsp;Otros colectivos desfavorecidos como: participantes que viven en hogares compuestos de un \u00fanico adulto con hijos a su cargo; personas sin hogar o afectadas por la exclusi\u00f3n en materia de vivienda; v\u00edctimas de violencia de g\u00e9nero; v\u00edctimas de discriminaci\u00f3n por origen racial o \u00e9tnico, orientaci\u00f3n sexual e identidad de g\u00e9nero; solicitantes de asilo; personas con problemas de adicci\u00f3n; personas reclusas y ex reclusas; perceptoras de rentas m\u00ednimas o salarios sociales; personas con fracaso o abandono escolar<\/p>\n\n\n\n<p>\u00b7&nbsp;&nbsp;&nbsp;Otras personas en situaci\u00f3n de vulnerabilidad acreditada por un informe de los Servicios Sociales<\/p>\n\n\n\n<p><a href=\"https:\/\/proempleo7.es\/index.php\/como-participar-en-el-proyecto\/requisitos-de-acceso\" target=\"_blank\" rel=\"noreferrer noopener\">REQUISITOS DE ACCESO<\/a><\/p>\n\n\n\n<p>Enlace para realizar la solicitud, en el que adem\u00e1s podr\u00e1 visualizar el v\u00eddeo&nbsp;<strong>\u201cTUTORIAL DE PREINSCRIPCI\u00d3N\u201d<\/strong>&nbsp;:<\/p>\n\n\n\n<p><a href=\"https:\/\/proempleo7.es\/index.php\/como-participar-en-el-proyecto\" target=\"_blank\" rel=\"noreferrer noopener\">C\u00d3MO PARTICIPAR EN EL PROYECTO<\/a><\/p>\n","protected":false},"excerpt":{"rendered":"<p>Ya est\u00e1 operativa en la web de la Diputaci\u00f3n! Abierto el plazo plazo de solicitudes de preinscripci\u00f3n para las acciones formativas del proyecto \u201cProempleo7\u201d, dos de ellas Villanueva y Arjona. Os dejamos los detalles de estos dos cursos: OPERACIONES B\u00c1SICAS DE RESTAURANTE Y BAR Ed.&nbsp;1.&nbsp;Abierto plazo de preinscripci\u00f3n hasta el pr\u00f3ximo&nbsp;22 de julio. Que se [&hellip;]<\/p>\n","protected":false},"author":48,"featured_media":6409,"comment_status":"open","ping_status":"open","sticky":false,"template":"","format":"standard","meta":[],"categories":[1],"tags":[],"_links":{"self":[{"href":"https:\/\/vreina.smartown.es\/SI2API\/wp\/v2\/posts\/6408"}],"collection":[{"href":"https:\/\/vreina.smartown.es\/SI2API\/wp\/v2\/posts"}],"about":[{"href":"https:\/\/vreina.smartown.es\/SI2API\/wp\/v2\/types\/post"}],"author":[{"embeddable":true,"href":"https:\/\/vreina.smartown.es\/SI2API\/wp\/v2\/users\/48"}],"replies":[{"embeddable":true,"href":"https:\/\/vreina.smartown.es\/SI2API\/wp\/v2\/comments?post=6408"}],"version-history":[{"count":1,"href":"https:\/\/vreina.smartown.es\/SI2API\/wp\/v2\/posts\/6408\/revisions"}],"predecessor-version":[{"id":6410,"href":"https:\/\/vreina.smartown.es\/SI2API\/wp\/v2\/posts\/6408\/revisions\/6410"}],"wp:featuredmedia":[{"embeddable":true,"href":"https:\/\/vreina.smartown.es\/SI2API\/wp\/v2\/media\/6409"}],"wp:attachment":[{"href":"https:\/\/vreina.smartown.es\/SI2API\/wp\/v2\/media?parent=6408"}],"wp:term":[{"taxonomy":"category","embeddable":true,"href":"https:\/\/vreina.smartown.es\/SI2API\/wp\/v2\/categories?post=6408"},{"taxonomy":"post_tag","embeddable":true,"href":"https:\/\/vreina.smartown.es\/SI2API\/wp\/v2\/tags?post=6408"}],"curies":[{"name":"wp","href":"https:\/\/api.w.org\/{rel}","templated":true}]}}