{"id":6457,"date":"2021-09-09T20:44:11","date_gmt":"2021-09-09T18:44:11","guid":{"rendered":"https:\/\/vreina.smartown.es\/?p=6457"},"modified":"2021-09-09T20:44:13","modified_gmt":"2021-09-09T18:44:13","slug":"villanueva-acogera-unas-jornadas-sobre-empoderamiento-y-la-participacion-social-de-las-mujeres","status":"publish","type":"post","link":"https:\/\/vreina.smartown.es\/villanueva-acogera-unas-jornadas-sobre-empoderamiento-y-la-participacion-social-de-las-mujeres\/","title":{"rendered":"Villanueva acoger\u00e1 unas jornadas sobre \u00abEmpoderamiento y la Participaci\u00f3n Social\u00bb de las mujeres"},"content":{"rendered":"\n<p>La Subdelegaci\u00f3n del Gobierno elige nuestro municipio como una de las sedes de este ciclo de jornadas donde se dar\u00e1n cita profesionales de toda la comarca y del resto de la provincia. <\/p>\n\n\n\n<figure class=\"wp-block-image\"><img loading=\"lazy\" width=\"615\" height=\"346\" src=\"https:\/\/vreina.smartown.es\/wp-content\/uploads\/2021\/09\/WhatsApp-Image-2021-09-09-at-13.44.28.jpeg\" alt=\"\" class=\"wp-image-6458\" srcset=\"https:\/\/vreina.smartown.es\/wp-content\/uploads\/2021\/09\/WhatsApp-Image-2021-09-09-at-13.44.28.jpeg 615w, https:\/\/vreina.smartown.es\/wp-content\/uploads\/2021\/09\/WhatsApp-Image-2021-09-09-at-13.44.28-300x169.jpeg 300w\" sizes=\"(max-width: 639px) 98vw, (max-width: 1199px) 64vw, 615px\" \/><\/figure>\n\n\n\n<p>Desde la Subdelegaci\u00f3n del Gobierno de Espa\u00f1a en Ja\u00e9n, anuncia que van a impulsar la\u00a0<strong>primera edici\u00f3n de la actuaci\u00f3n\u00a0\u201cEspacios de Mujeres para el Empoderamiento y la Participaci\u00f3n Social\u201d.\u00a0Y\u00a0parte\u00a0del\u00a0programa\u00a0llegar\u00e1\u00a0a\u00a0Villanueva\u00a0de\u00a0la\u00a0Reina.<\/strong><\/p>\n\n\n\n<p>Esta ma\u00f1ana se ha presentado la primera edici\u00f3n del programa \u201cEspacios de Mujeres para el empoderamiento y la participaci\u00f3n social\u201d, organizado desde la Unidad de Violencia sobre la Mujer en la Subdelegaci\u00f3n del Gobierno de Espa\u00f1a en Ja\u00e9n.<\/p>\n\n\n\n<p>En su presentaci\u00f3n la Subdelegada del Gobierno Catalina Madue\u00f1o, ha estado acompa\u00f1ada del Jefe de la Unidad de Violencia sobre la Mujer, Juan Manuel Alarc\u00f3n y de la Psic\u00f3loga experta en igualdad y violencia de g\u00e9nero, Carmen Cruz Elvira, qui\u00e9n va a intervenir como ponente en cada una de las acciones.<\/p>\n\n\n\n<p>La Subdelegada ha expresado que \u201cIniciamos esta actuaci\u00f3n, reconociendo el imprescindible protagonismo que tienen las asociaciones de mujeres, escuchando sus propuestas para liderar de la mano de las Administraciones P\u00fablicas pol\u00edticas de igualdad entre mujeres y hombres as\u00ed como contra la violencia de g\u00e9nero\u201d.<\/p>\n\n\n\n<p>Desde este planteamiento, \u201cTrabajamos para dinamizar la participaci\u00f3n social y empoderamiento de mujeres en la provincia, visibilizar el protagonismo de las asociaciones de mujeres y acercar recursos a las zonas rurales en la provincia\u201d.<\/p>\n\n\n\n<p>Por parte del Jefe de la Unida de violencia sobre la mujer, Juan Manuel Alarc\u00f3n, se ha incidido en la necesidad de aproximar los recursos a las zonas rurales en la provincia, escuchar las propuestas de las asociaciones de mujeres y favorecer los canales de interlocuci\u00f3n con las Administraciones P\u00fablicas. \u201cOrganizamos 5 ediciones en modalidad presencial, que se van a desarrollar a partir del pr\u00f3ximo mes de Octubre en las localidades de&nbsp;<strong>Bedmar, Arbuniel, Vilches, Villanueva de la Reina y Huesa<\/strong>\u201d<\/p>\n\n\n\n<figure class=\"wp-block-image\"><img src=\"https:\/\/mail.google.com\/mail\/u\/1?ui=2&amp;ik=fbfd1c6ae7&amp;attid=0.1&amp;permmsgid=msg-f:1710423117748931389&amp;th=17bca4c36d0a8b3d&amp;view=fimg&amp;sz=s0-l75-ft&amp;attbid=ANGjdJ-4LfMQITTYZdwQlGbaJU39TAfP2eKoASb9JULfemM5NA9JXGyEhGitWezvCqZ_d4fafpmBaxKvUUJyNjWldpWX2acWzmhBFfqkg4A5SL2K6ufuBPOKw4I5msA&amp;disp=emb\" alt=\"\" \/><\/figure>\n\n\n\n<p>Carmen Cruz, ha expresado que \u201cEste proyecto est\u00e1 concebido como un espacio de debate, de aprendizaje dial\u00f3gico entre mujeres, donde analizar la situaci\u00f3n de las mujeres en los municipios de nuestra provincia en su propia voz, compartir inquietudes y necesidades y poner en com\u00fan posibles propuestas con las que afrontar los retos que a\u00fan tenemos pendientes hasta que la igualdad en condiciones de equidad sea una realidad efectiva para las mujeres del \u00e1mbito rural.<\/p>\n\n\n\n<p>Entendemos necesario fomentar el asociacionismo entre las mujeres, en especial residentes en entornos rurales, y su participaci\u00f3n activa en los espacios de toma de decisiones a trav\u00e9s del empoderamiento. En otras palabras, facilitar el proceso individual y colectivo de toma de conciencia de las discriminaciones y violencias que sufrimos por ser mujeres y de la necesidad de unirnos con otras mujeres para definir de manera aut\u00f3noma los objetivos y estrategias para acabar con la desigualdad estructural entre mujeres y hombres y erradicar la violencia de g\u00e9nero.<\/p>\n\n\n\n<p>Trataremos, por tanto, de potenciar la cultura asociativa entendiendo a las organizaciones de mujeres como agentes sociales poniendo en valor su potencial transformador, su capacidad de incidencia a todos los niveles: personal, grupal, social y comunitario. Asimismo, se buscar\u00e1 reforzar el tejido asociativo y la red de mujeres para el intercambio de experiencias, de buenas pr\u00e1cticas, con las que avanzar o ampliar nuestras metas y establecer sinergias para la realizaci\u00f3n de futuros proyectos y colaboraciones.<\/p>\n\n\n\n<p>El programa&nbsp;<strong>se dirige a Asociaciones de Mujeres en la provincia de Ja\u00e9n. Cada participante podr\u00e1 inscribirse en la sede que estime conveniente.<\/strong><\/p>\n\n\n\n<p>Las&nbsp;<strong>inscripciones<\/strong>&nbsp;pueden formularse a trav\u00e9s del&nbsp;<strong>env\u00edo de email&nbsp;<\/strong>a la siguiente direcci\u00f3n de correo electr\u00f3nico, indicando nombre y apellidos, asociaci\u00f3n a la que pertenece&nbsp; y localidad en la que se inscribe:<\/p>\n\n\n\n<p><a href=\"mailto:espaciosdemujeres.jaen@correo.gob.es\" target=\"_blank\" rel=\"noreferrer noopener\">espaciosdemujeres.jaen@correo.gob.es<\/a><\/p>\n\n\n\n<p>&nbsp;&nbsp;&nbsp;&nbsp;&nbsp;&nbsp;&nbsp;&nbsp;&nbsp;&nbsp;&nbsp;&nbsp;<strong>LAS PLAZAS SE ASIGNARAN PORRIGUROSO ORDEN DE LLEGADA<\/strong><\/p>\n","protected":false},"excerpt":{"rendered":"<p>La Subdelegaci\u00f3n del Gobierno elige nuestro municipio como una de las sedes de este ciclo de jornadas donde se dar\u00e1n cita profesionales de toda la comarca y del resto de la provincia. Desde la Subdelegaci\u00f3n del Gobierno de Espa\u00f1a en Ja\u00e9n, anuncia que van a impulsar la\u00a0primera edici\u00f3n de la actuaci\u00f3n\u00a0\u201cEspacios de Mujeres para el [&hellip;]<\/p>\n","protected":false},"author":48,"featured_media":6458,"comment_status":"open","ping_status":"open","sticky":false,"template":"","format":"standard","meta":[],"categories":[1],"tags":[],"_links":{"self":[{"href":"https:\/\/vreina.smartown.es\/SI2API\/wp\/v2\/posts\/6457"}],"collection":[{"href":"https:\/\/vreina.smartown.es\/SI2API\/wp\/v2\/posts"}],"about":[{"href":"https:\/\/vreina.smartown.es\/SI2API\/wp\/v2\/types\/post"}],"author":[{"embeddable":true,"href":"https:\/\/vreina.smartown.es\/SI2API\/wp\/v2\/users\/48"}],"replies":[{"embeddable":true,"href":"https:\/\/vreina.smartown.es\/SI2API\/wp\/v2\/comments?post=6457"}],"version-history":[{"count":1,"href":"https:\/\/vreina.smartown.es\/SI2API\/wp\/v2\/posts\/6457\/revisions"}],"predecessor-version":[{"id":6459,"href":"https:\/\/vreina.smartown.es\/SI2API\/wp\/v2\/posts\/6457\/revisions\/6459"}],"wp:featuredmedia":[{"embeddable":true,"href":"https:\/\/vreina.smartown.es\/SI2API\/wp\/v2\/media\/6458"}],"wp:attachment":[{"href":"https:\/\/vreina.smartown.es\/SI2API\/wp\/v2\/media?parent=6457"}],"wp:term":[{"taxonomy":"category","embeddable":true,"href":"https:\/\/vreina.smartown.es\/SI2API\/wp\/v2\/categories?post=6457"},{"taxonomy":"post_tag","embeddable":true,"href":"https:\/\/vreina.smartown.es\/SI2API\/wp\/v2\/tags?post=6457"}],"curies":[{"name":"wp","href":"https:\/\/api.w.org\/{rel}","templated":true}]}}