{"id":6461,"date":"2021-09-16T11:40:31","date_gmt":"2021-09-16T09:40:31","guid":{"rendered":"https:\/\/vreina.smartown.es\/?p=6461"},"modified":"2021-09-16T11:40:34","modified_gmt":"2021-09-16T09:40:34","slug":"el-proempleo-7-trae-a-villanueva-un-curso-de-instalador-de-placas-fotovoltaicas","status":"publish","type":"post","link":"https:\/\/vreina.smartown.es\/el-proempleo-7-trae-a-villanueva-un-curso-de-instalador-de-placas-fotovoltaicas\/","title":{"rendered":"El Proempleo 7 trae a Villanueva un curso de instalador de placas fotovoltaicas"},"content":{"rendered":"\n<p>Alves destaca el inter\u00e9s y la actualidad de esta formaci\u00f3n enmarcada en un programa de la Diputaci\u00f3n de Ja\u00e9n que en pr\u00e1cticamente toda la provincia formar\u00e1 a personas desempleadas a trav\u00e9s de doce nuevos cursos.<\/p>\n\n\n\n<figure class=\"wp-block-image\"><img loading=\"lazy\" width=\"1000\" height=\"995\" src=\"https:\/\/vreina.smartown.es\/wp-content\/uploads\/2021\/09\/proempleo.jpg\" alt=\"\" class=\"wp-image-6462\" srcset=\"https:\/\/vreina.smartown.es\/wp-content\/uploads\/2021\/09\/proempleo.jpg 1000w, https:\/\/vreina.smartown.es\/wp-content\/uploads\/2021\/09\/proempleo-150x150.jpg 150w, https:\/\/vreina.smartown.es\/wp-content\/uploads\/2021\/09\/proempleo-300x300.jpg 300w, https:\/\/vreina.smartown.es\/wp-content\/uploads\/2021\/09\/proempleo-768x764.jpg 768w, https:\/\/vreina.smartown.es\/wp-content\/uploads\/2021\/09\/proempleo-640x637.jpg 640w\" sizes=\"(max-width: 639px) 98vw, (max-width: 1199px) 64vw, 770px\" \/><\/figure>\n\n\n\n<p>El proyecto Proempleo 7 que est\u00e1 ejecutando la Diputaci\u00f3n de Ja\u00e9n con el apoyo de los Ayuntamientos sigue su curso y ha abierto hasta el 20 de septiembre el plazo para inscribirse en una docena de nuevas acciones formativas, entre ellas una formaci\u00f3n sobre instalaci\u00f3n de placas fotovoltaicas en Villanueva de la Reina. Este programa, que sufraga la administraci\u00f3n provincial con fondos europeos, facilita que personas desempleadas con dificultades de acceso al mercado laboral mejoren sus posibilidades de empleabilidad a trav\u00e9s de un total de 92 cursos, de los que se pueden beneficiar residentes en los 95 municipios.<\/p>\n\n\n\n<p>En concreto, el curso de Villanueva comenzar\u00e1 el pr\u00f3ximo 22 de septiembre. El alcalde de la localidad, Blas Alves, ha destacado el tema tan actual e interesante laboralmente hablando que centra la formaci\u00f3n como es el de la Instalaci\u00f3n de Placas Fotovoltaicas. Ser\u00e1n 15 los alumnos y alumnas los que durante tres meses en horario de ma\u00f1ana, en el Centro Cultural de la Calle Blas Infante, se formen y adquieran las competencias necesarias para desarrollar estos trabajos.  <\/p>\n\n\n\n<p>El proyecto Proempleo 7 que est\u00e1 ejecutando la Diputaci\u00f3n de Ja\u00e9n sigue su curso y ha abierto hasta el 20 de septiembre el plazo para inscribirse en una docena de nuevas acciones formativas. Este programa, que sufraga la administraci\u00f3n provincial con fondos europeos, facilita que personas desempleadas con dificultades de acceso al mercado laboral mejoren sus posibilidades de empleabilidad a trav\u00e9s de un total de 92 cursos, de los que se pueden beneficiar residentes en los 95 municipios jiennenses menores de 20.000 habitantes.<\/p>\n\n\n\n<p>El proyecto Proempleo 7 contempla 92 acciones formativas que est\u00e1 previsto que se desarrollen hasta el a\u00f1o 2022 y \u00abentre las cuales hay cursos de formaci\u00f3n con pr\u00e1cticas en empresas y tambi\u00e9n cursos destinados a la obtenci\u00f3n del certificado de profesionalidad\u00bb, seg\u00fan ha precisado Pilar Parra.<\/p>\n\n\n\n<p>En concreto, y hasta la fecha, han concluido 11 acciones con un total de 138 personas formadas; otros 34 cursos est\u00e9n en marcha o a punto de iniciarse, entre los cuales est\u00e1n estos doce que tiene su plazo de inscripci\u00f3n abierto hasta el 20 de septiembre; y el resto est\u00e1n en fase de licitaci\u00f3n.<\/p>\n\n\n\n<p>El Proempleo 7 es un proyecto de formaci\u00f3n y apoyo a la inserci\u00f3n y reinserci\u00f3n de personas desempleadas inscritas como demandantes de empleo en el Servicio Andaluz de Empleo (SAE), pertenecientes a colectivos con dificultades de acceso al mercado laboral. La vicepresidenta segunda incide en el inter\u00e9s de esta iniciativa cofinanciada por el Fondo Social Europeo a trav\u00e9s del Ministerio de Pol\u00edtica Territorial y Funci\u00f3n P\u00fablica y por la Diputaci\u00f3n Provincial de Ja\u00e9n, que \u00abtiene un presupuesto de 7,2 millones\u00bb.<\/p>\n","protected":false},"excerpt":{"rendered":"<p>Alves destaca el inter\u00e9s y la actualidad de esta formaci\u00f3n enmarcada en un programa de la Diputaci\u00f3n de Ja\u00e9n que en pr\u00e1cticamente toda la provincia formar\u00e1 a personas desempleadas a trav\u00e9s de doce nuevos cursos. El proyecto Proempleo 7 que est\u00e1 ejecutando la Diputaci\u00f3n de Ja\u00e9n con el apoyo de los Ayuntamientos sigue su curso [&hellip;]<\/p>\n","protected":false},"author":48,"featured_media":6462,"comment_status":"open","ping_status":"open","sticky":false,"template":"","format":"standard","meta":[],"categories":[1],"tags":[],"_links":{"self":[{"href":"https:\/\/vreina.smartown.es\/SI2API\/wp\/v2\/posts\/6461"}],"collection":[{"href":"https:\/\/vreina.smartown.es\/SI2API\/wp\/v2\/posts"}],"about":[{"href":"https:\/\/vreina.smartown.es\/SI2API\/wp\/v2\/types\/post"}],"author":[{"embeddable":true,"href":"https:\/\/vreina.smartown.es\/SI2API\/wp\/v2\/users\/48"}],"replies":[{"embeddable":true,"href":"https:\/\/vreina.smartown.es\/SI2API\/wp\/v2\/comments?post=6461"}],"version-history":[{"count":1,"href":"https:\/\/vreina.smartown.es\/SI2API\/wp\/v2\/posts\/6461\/revisions"}],"predecessor-version":[{"id":6463,"href":"https:\/\/vreina.smartown.es\/SI2API\/wp\/v2\/posts\/6461\/revisions\/6463"}],"wp:featuredmedia":[{"embeddable":true,"href":"https:\/\/vreina.smartown.es\/SI2API\/wp\/v2\/media\/6462"}],"wp:attachment":[{"href":"https:\/\/vreina.smartown.es\/SI2API\/wp\/v2\/media?parent=6461"}],"wp:term":[{"taxonomy":"category","embeddable":true,"href":"https:\/\/vreina.smartown.es\/SI2API\/wp\/v2\/categories?post=6461"},{"taxonomy":"post_tag","embeddable":true,"href":"https:\/\/vreina.smartown.es\/SI2API\/wp\/v2\/tags?post=6461"}],"curies":[{"name":"wp","href":"https:\/\/api.w.org\/{rel}","templated":true}]}}