{"id":6464,"date":"2021-09-18T10:00:01","date_gmt":"2021-09-18T08:00:01","guid":{"rendered":"https:\/\/vreina.smartown.es\/?p=6464"},"modified":"2021-09-18T10:18:51","modified_gmt":"2021-09-18T08:18:51","slug":"ofensiva-comun-en-villanueva-para-pedir-la-mejora-de-las-comunicaciones","status":"publish","type":"post","link":"https:\/\/vreina.smartown.es\/ofensiva-comun-en-villanueva-para-pedir-la-mejora-de-las-comunicaciones\/","title":{"rendered":"Ofensiva com\u00fan en Villanueva para pedir la mejora de las comunicaciones"},"content":{"rendered":"\n<p>Un grupo de villanoveros se ha reunido con el alcalde del municipio, Blas Alves, para pedirle que solicite a las empresas encargadas de este servicio que lo mejoren. La petici\u00f3n llega por parte de todos los barrios que conforman la localidad y por varios de los vecinos que viven en dichas zonas.  La iniciativa viene a impulsar las gestiones que desde hace un a\u00f1o y medio viene haciendo el consistorio  <\/p>\n\n\n\n<figure class=\"wp-block-image\"><img loading=\"lazy\" width=\"1024\" height=\"527\" src=\"https:\/\/vreina.smartown.es\/wp-content\/uploads\/2021\/09\/firmas-1024x527.jpeg\" alt=\"\" class=\"wp-image-6465\" srcset=\"https:\/\/vreina.smartown.es\/wp-content\/uploads\/2021\/09\/firmas.jpeg 1024w, https:\/\/vreina.smartown.es\/wp-content\/uploads\/2021\/09\/firmas-300x154.jpeg 300w, https:\/\/vreina.smartown.es\/wp-content\/uploads\/2021\/09\/firmas-768x395.jpeg 768w, https:\/\/vreina.smartown.es\/wp-content\/uploads\/2021\/09\/firmas-640x329.jpeg 640w\" sizes=\"(max-width: 639px) 98vw, (max-width: 1199px) 64vw, 770px\" \/><\/figure>\n\n\n\n<p>Vecinos y Ayuntamiento pasan a la acci\u00f3n para exigir unas conexiones de calidad y acordes con el siglo XXI. Un grupo de vecinos de Villanueva de la Reina se han unido para solicitar al alcalde del municipio, Blas Alves, que exija a las empresas de telefon\u00eda m\u00f3vil a solucionar el problema que tienen muchos de ellos con la fibra telef\u00f3nica. <\/p>\n\n\n\n<p>La reuni\u00f3n se celebr\u00f3 en el propio Ayuntamiento y en la misma participaron tanto el primer edil villanovero como algunos de los vecinos implicados en dicha problem\u00e1tica.<\/p>\n\n\n\n<p> En concreto los villanoveros, seg\u00fan el escrito que han enviado a este medio, piden al alcalde que obligue a la empresa instaladora \u2018M\u00e1s M\u00f3vil\u2019, o cualquier otra que opere en el municipio, a remover cuantos inconvenientes sean necesarios para la completa instalaci\u00f3n, en los barrios se\u00f1alados, de la red de fibra telef\u00f3nica y que el primer edil d\u00e9 todas las facilidades para que dichas instalaciones se ejecuten.<\/p>\n\n\n\n<p>Alves se ha comprometido con los vecinos a dar tr\u00e1mite de inmediato a empresas e instituciones para que conste el malestar y para que se agilicen los tr\u00e1mites y proyectos necesarios para que se busquen soluciones para lo que ha puesto a disposici\u00f3n todo el equipo t\u00e9cnico municipal. <\/p>\n\n\n\n<p>En su escrito, los vecinos explican que \u00abmuchos profesionales de distintas ramas necesitan un internet de fibra para desarrollar su trabajo; y que muchas personas necesitan estar conectadas para poder hacer las tareas propias del hogar y tareas familiares\u00bb. <\/p>\n\n\n\n<p>Teniendo en cuenta las limitaciones de las conexiones actuales de la mayor\u00eda de compa\u00f1\u00edas en el municipio, los vecinos exigen, literalmente, que \u00abse obligue M\u00e1s M\u00f3vil a remover cuantos inconvenientes sean necesarios para la completa instalaci\u00f3n en nuestro barrio de la red de fibra que tanta falta hace\u00bb.<\/p>\n\n\n\n<p> La iniciativa viene a impulsar las gestiones que desde hace un a\u00f1o y medio viene haciendo el consistorio para que se hagan inversiones. Ya desde el inicio de las conversaciones la compa\u00f1\u00eda se compromet\u00eda a invertir en base a unas ayudas y subvenciones, en la instalaci\u00f3n de estos barrios pero definitivamente no se ha llevado a cabo. Esta semana se han intensificado las reuniones entre el alcalde y responsables de la empresa para trasladar el malestar y se han comprometido a acelerar las inversiones. <\/p>\n","protected":false},"excerpt":{"rendered":"<p>Un grupo de villanoveros se ha reunido con el alcalde del municipio, Blas Alves, para pedirle que solicite a las empresas encargadas de este servicio que lo mejoren. La petici\u00f3n llega por parte de todos los barrios que conforman la localidad y por varios de los vecinos que viven en dichas zonas. La iniciativa viene [&hellip;]<\/p>\n","protected":false},"author":48,"featured_media":6465,"comment_status":"open","ping_status":"open","sticky":false,"template":"","format":"standard","meta":[],"categories":[1],"tags":[],"_links":{"self":[{"href":"https:\/\/vreina.smartown.es\/SI2API\/wp\/v2\/posts\/6464"}],"collection":[{"href":"https:\/\/vreina.smartown.es\/SI2API\/wp\/v2\/posts"}],"about":[{"href":"https:\/\/vreina.smartown.es\/SI2API\/wp\/v2\/types\/post"}],"author":[{"embeddable":true,"href":"https:\/\/vreina.smartown.es\/SI2API\/wp\/v2\/users\/48"}],"replies":[{"embeddable":true,"href":"https:\/\/vreina.smartown.es\/SI2API\/wp\/v2\/comments?post=6464"}],"version-history":[{"count":2,"href":"https:\/\/vreina.smartown.es\/SI2API\/wp\/v2\/posts\/6464\/revisions"}],"predecessor-version":[{"id":6467,"href":"https:\/\/vreina.smartown.es\/SI2API\/wp\/v2\/posts\/6464\/revisions\/6467"}],"wp:featuredmedia":[{"embeddable":true,"href":"https:\/\/vreina.smartown.es\/SI2API\/wp\/v2\/media\/6465"}],"wp:attachment":[{"href":"https:\/\/vreina.smartown.es\/SI2API\/wp\/v2\/media?parent=6464"}],"wp:term":[{"taxonomy":"category","embeddable":true,"href":"https:\/\/vreina.smartown.es\/SI2API\/wp\/v2\/categories?post=6464"},{"taxonomy":"post_tag","embeddable":true,"href":"https:\/\/vreina.smartown.es\/SI2API\/wp\/v2\/tags?post=6464"}],"curies":[{"name":"wp","href":"https:\/\/api.w.org\/{rel}","templated":true}]}}