{"id":6470,"date":"2021-10-25T20:23:36","date_gmt":"2021-10-25T18:23:36","guid":{"rendered":"https:\/\/vreina.smartown.es\/?p=6470"},"modified":"2021-10-25T20:23:38","modified_gmt":"2021-10-25T18:23:38","slug":"en-marcha-la-exposicion-de-fotografos-de-villanueva-de-la-reina","status":"publish","type":"post","link":"https:\/\/vreina.smartown.es\/en-marcha-la-exposicion-de-fotografos-de-villanueva-de-la-reina\/","title":{"rendered":"En marcha la exposici\u00f3n de fot\u00f3grafos de Villanueva de la Reina"},"content":{"rendered":"\n<p>La exposici\u00f3n de trabajos fotogr\u00e1ficos de la Asociaci\u00f3n villanovera Potenciana ya es una realidad. Este domingo se ha estrenado en el Centro de Interpretaci\u00f3n \u00abMirando al Guadalquivir\u00bb y podr\u00e1 volver a disfrutarse este mi\u00e9rcoles y el pr\u00f3ximo domingo. Con esta actividad se cierra el ciclo de las terceras jornadas de fotograf\u00eda que ha llevado a cabo este colectivo de nuestro pueblo y que ha contado con una notable aceptaci\u00f3n. <\/p>\n\n\n\n<ul class=\"wp-container-2 wp-block-gallery-1 wp-block-gallery columns-3 is-cropped\"><li class=\"blocks-gallery-item\"><figure><img loading=\"lazy\" width=\"1024\" height=\"769\" src=\"https:\/\/vreina.smartown.es\/wp-content\/uploads\/2021\/10\/01-1024x769.jpeg\" alt=\"\" data-id=\"6471\" data-link=\"https:\/\/vreina.smartown.es\/?attachment_id=6471\" class=\"wp-image-6471\" srcset=\"https:\/\/vreina.smartown.es\/wp-content\/uploads\/2021\/10\/01-1024x769.jpeg 1024w, https:\/\/vreina.smartown.es\/wp-content\/uploads\/2021\/10\/01-300x225.jpeg 300w, https:\/\/vreina.smartown.es\/wp-content\/uploads\/2021\/10\/01-768x576.jpeg 768w, https:\/\/vreina.smartown.es\/wp-content\/uploads\/2021\/10\/01-640x480.jpeg 640w, https:\/\/vreina.smartown.es\/wp-content\/uploads\/2021\/10\/01-1200x901.jpeg 1200w, https:\/\/vreina.smartown.es\/wp-content\/uploads\/2021\/10\/01.jpeg 1600w\" sizes=\"(max-width: 639px) 98vw, (max-width: 1199px) 64vw, 770px\" \/><\/figure><\/li><li class=\"blocks-gallery-item\"><figure><img loading=\"lazy\" width=\"1024\" height=\"769\" src=\"https:\/\/vreina.smartown.es\/wp-content\/uploads\/2021\/10\/02-1024x769.jpeg\" alt=\"\" data-id=\"6472\" data-link=\"https:\/\/vreina.smartown.es\/?attachment_id=6472\" class=\"wp-image-6472\" srcset=\"https:\/\/vreina.smartown.es\/wp-content\/uploads\/2021\/10\/02-1024x769.jpeg 1024w, https:\/\/vreina.smartown.es\/wp-content\/uploads\/2021\/10\/02-300x225.jpeg 300w, https:\/\/vreina.smartown.es\/wp-content\/uploads\/2021\/10\/02-768x576.jpeg 768w, https:\/\/vreina.smartown.es\/wp-content\/uploads\/2021\/10\/02-640x480.jpeg 640w, https:\/\/vreina.smartown.es\/wp-content\/uploads\/2021\/10\/02-1200x901.jpeg 1200w, https:\/\/vreina.smartown.es\/wp-content\/uploads\/2021\/10\/02.jpeg 1600w\" sizes=\"(max-width: 639px) 98vw, (max-width: 1199px) 64vw, 770px\" \/><\/figure><\/li><li class=\"blocks-gallery-item\"><figure><img loading=\"lazy\" width=\"1024\" height=\"769\" src=\"https:\/\/vreina.smartown.es\/wp-content\/uploads\/2021\/10\/00-1024x769.jpeg\" alt=\"\" data-id=\"6473\" data-link=\"https:\/\/vreina.smartown.es\/?attachment_id=6473\" class=\"wp-image-6473\" srcset=\"https:\/\/vreina.smartown.es\/wp-content\/uploads\/2021\/10\/00-1024x769.jpeg 1024w, https:\/\/vreina.smartown.es\/wp-content\/uploads\/2021\/10\/00-300x225.jpeg 300w, https:\/\/vreina.smartown.es\/wp-content\/uploads\/2021\/10\/00-768x576.jpeg 768w, https:\/\/vreina.smartown.es\/wp-content\/uploads\/2021\/10\/00-640x480.jpeg 640w, https:\/\/vreina.smartown.es\/wp-content\/uploads\/2021\/10\/00-1200x901.jpeg 1200w, https:\/\/vreina.smartown.es\/wp-content\/uploads\/2021\/10\/00.jpeg 1600w\" sizes=\"(max-width: 639px) 98vw, (max-width: 1199px) 64vw, 770px\" \/><\/figure><\/li><li class=\"blocks-gallery-item\"><figure><img loading=\"lazy\" width=\"1024\" height=\"768\" src=\"https:\/\/vreina.smartown.es\/wp-content\/uploads\/2021\/10\/03-1024x768.jpeg\" alt=\"\" data-id=\"6474\" data-link=\"https:\/\/vreina.smartown.es\/?attachment_id=6474\" class=\"wp-image-6474\" srcset=\"https:\/\/vreina.smartown.es\/wp-content\/uploads\/2021\/10\/03-1024x768.jpeg 1024w, https:\/\/vreina.smartown.es\/wp-content\/uploads\/2021\/10\/03-300x225.jpeg 300w, https:\/\/vreina.smartown.es\/wp-content\/uploads\/2021\/10\/03-768x576.jpeg 768w, https:\/\/vreina.smartown.es\/wp-content\/uploads\/2021\/10\/03-640x480.jpeg 640w, https:\/\/vreina.smartown.es\/wp-content\/uploads\/2021\/10\/03-1200x900.jpeg 1200w, https:\/\/vreina.smartown.es\/wp-content\/uploads\/2021\/10\/03.jpeg 1600w\" sizes=\"(max-width: 639px) 98vw, (max-width: 1199px) 64vw, 770px\" \/><\/figure><\/li><li class=\"blocks-gallery-item\"><figure><img loading=\"lazy\" width=\"1024\" height=\"768\" src=\"https:\/\/vreina.smartown.es\/wp-content\/uploads\/2021\/10\/04-1024x768.jpeg\" alt=\"\" data-id=\"6475\" data-link=\"https:\/\/vreina.smartown.es\/?attachment_id=6475\" class=\"wp-image-6475\" srcset=\"https:\/\/vreina.smartown.es\/wp-content\/uploads\/2021\/10\/04-1024x768.jpeg 1024w, https:\/\/vreina.smartown.es\/wp-content\/uploads\/2021\/10\/04-300x225.jpeg 300w, https:\/\/vreina.smartown.es\/wp-content\/uploads\/2021\/10\/04-768x576.jpeg 768w, https:\/\/vreina.smartown.es\/wp-content\/uploads\/2021\/10\/04-640x480.jpeg 640w, https:\/\/vreina.smartown.es\/wp-content\/uploads\/2021\/10\/04-1200x900.jpeg 1200w, https:\/\/vreina.smartown.es\/wp-content\/uploads\/2021\/10\/04.jpeg 1600w\" sizes=\"(max-width: 639px) 98vw, (max-width: 1199px) 64vw, 770px\" \/><\/figure><\/li><li class=\"blocks-gallery-item\"><figure><img loading=\"lazy\" width=\"1024\" height=\"768\" src=\"https:\/\/vreina.smartown.es\/wp-content\/uploads\/2021\/10\/05-1024x768.jpeg\" alt=\"\" data-id=\"6476\" data-link=\"https:\/\/vreina.smartown.es\/?attachment_id=6476\" class=\"wp-image-6476\" srcset=\"https:\/\/vreina.smartown.es\/wp-content\/uploads\/2021\/10\/05-1024x768.jpeg 1024w, https:\/\/vreina.smartown.es\/wp-content\/uploads\/2021\/10\/05-300x225.jpeg 300w, https:\/\/vreina.smartown.es\/wp-content\/uploads\/2021\/10\/05-768x576.jpeg 768w, https:\/\/vreina.smartown.es\/wp-content\/uploads\/2021\/10\/05-640x480.jpeg 640w, https:\/\/vreina.smartown.es\/wp-content\/uploads\/2021\/10\/05-1200x900.jpeg 1200w, https:\/\/vreina.smartown.es\/wp-content\/uploads\/2021\/10\/05.jpeg 1600w\" sizes=\"(max-width: 639px) 98vw, (max-width: 1199px) 64vw, 770px\" \/><\/figure><\/li><\/ul>\n","protected":false},"excerpt":{"rendered":"<p>La exposici\u00f3n de trabajos fotogr\u00e1ficos de la Asociaci\u00f3n villanovera Potenciana ya es una realidad. Este domingo se ha estrenado en el Centro de Interpretaci\u00f3n \u00abMirando al Guadalquivir\u00bb y podr\u00e1 volver a disfrutarse este mi\u00e9rcoles y el pr\u00f3ximo domingo. Con esta actividad se cierra el ciclo de las terceras jornadas de fotograf\u00eda que ha llevado a [&hellip;]<\/p>\n","protected":false},"author":48,"featured_media":6473,"comment_status":"open","ping_status":"open","sticky":false,"template":"","format":"standard","meta":[],"categories":[1],"tags":[],"_links":{"self":[{"href":"https:\/\/vreina.smartown.es\/SI2API\/wp\/v2\/posts\/6470"}],"collection":[{"href":"https:\/\/vreina.smartown.es\/SI2API\/wp\/v2\/posts"}],"about":[{"href":"https:\/\/vreina.smartown.es\/SI2API\/wp\/v2\/types\/post"}],"author":[{"embeddable":true,"href":"https:\/\/vreina.smartown.es\/SI2API\/wp\/v2\/users\/48"}],"replies":[{"embeddable":true,"href":"https:\/\/vreina.smartown.es\/SI2API\/wp\/v2\/comments?post=6470"}],"version-history":[{"count":1,"href":"https:\/\/vreina.smartown.es\/SI2API\/wp\/v2\/posts\/6470\/revisions"}],"predecessor-version":[{"id":6477,"href":"https:\/\/vreina.smartown.es\/SI2API\/wp\/v2\/posts\/6470\/revisions\/6477"}],"wp:featuredmedia":[{"embeddable":true,"href":"https:\/\/vreina.smartown.es\/SI2API\/wp\/v2\/media\/6473"}],"wp:attachment":[{"href":"https:\/\/vreina.smartown.es\/SI2API\/wp\/v2\/media?parent=6470"}],"wp:term":[{"taxonomy":"category","embeddable":true,"href":"https:\/\/vreina.smartown.es\/SI2API\/wp\/v2\/categories?post=6470"},{"taxonomy":"post_tag","embeddable":true,"href":"https:\/\/vreina.smartown.es\/SI2API\/wp\/v2\/tags?post=6470"}],"curies":[{"name":"wp","href":"https:\/\/api.w.org\/{rel}","templated":true}]}}