{"id":6540,"date":"2021-11-24T19:05:37","date_gmt":"2021-11-24T18:05:37","guid":{"rendered":"https:\/\/vreina.smartown.es\/?p=6540"},"modified":"2021-11-24T19:09:04","modified_gmt":"2021-11-24T18:09:04","slug":"exito-del-filme-de-arturo-andujar-en-el-festival-de-cine-de-huelva","status":"publish","type":"post","link":"https:\/\/vreina.smartown.es\/exito-del-filme-de-arturo-andujar-en-el-festival-de-cine-de-huelva\/","title":{"rendered":"\u00c9xito del filme de Arturo And\u00fajar en el Festival de Cine de Huelva"},"content":{"rendered":"\n<p>El cineasta, de ra\u00edces villanoveras, hijo del profesor Arturo And\u00fajar Cobo, se ha hecho este pasado fin de semana con el premio Juan Ram\u00f3n Jim\u00e9nez en el Festival de Cine Iberoamericano de Huelva. Igual \u00e9xito cosechaba hace unos d\u00edas en el festival de cine de la capital andaluza. <\/p>\n\n\n\n<figure class=\"wp-block-image\"><img loading=\"lazy\" width=\"720\" height=\"732\" src=\"https:\/\/vreina.smartown.es\/wp-content\/uploads\/2021\/11\/WhatsApp-Image-2021-11-20-at-12.50.12-1.jpeg\" alt=\"\" class=\"wp-image-6541\" srcset=\"https:\/\/vreina.smartown.es\/wp-content\/uploads\/2021\/11\/WhatsApp-Image-2021-11-20-at-12.50.12-1.jpeg 720w, https:\/\/vreina.smartown.es\/wp-content\/uploads\/2021\/11\/WhatsApp-Image-2021-11-20-at-12.50.12-1-295x300.jpeg 295w, https:\/\/vreina.smartown.es\/wp-content\/uploads\/2021\/11\/WhatsApp-Image-2021-11-20-at-12.50.12-1-640x651.jpeg 640w\" sizes=\"(max-width: 639px) 98vw, (max-width: 1199px) 64vw, 720px\" \/><\/figure>\n\n\n\n<p>El director de ra\u00edces villanoveras, Arturo And\u00fajar junto a la directora  <br>Remedios Malv\u00e1rez,  han conseguido este pasado fin de semana varios reconocimientos, entre ellos el premio Juan Ram\u00f3n Jim\u00e9nez, por su largometraje documental &#8216;Pico Reja&#8217; con el que compet\u00edan en la 47 edici\u00f3n del Festival de Huelva de Cine Iberoamericano, dentro de la Secci\u00f3n Talento Andaluz.<\/p>\n\n\n\n<p>Una obra del villanovero con \u00e9xito de cr\u00edtica y p\u00fablico y que se trata de un documental que tiene como eje central los trabajos de reapertura de la fosa com\u00fan de &#8216;Pico Reja&#8217;, situada en el cementerio sevillano de San Fernando. Se estima que esta fosa puede albergar a m\u00e1s de 2.000 v\u00edctimas civiles de la represi\u00f3n franquista.<\/p>\n\n\n\n<p>La pel\u00edcula, como ha detallado And\u00fajar, tiene tres patas: el retrato de los trabajos en la fosa, el contexto donde se desarrollan estos trabajos y un planteamiento que ha buscado aportar una \u00abconnotaci\u00f3n art\u00edstica\u00bb desde el presente.<\/p>\n\n\n\n<p>And\u00fajar considera que se trata de una m\u00fasica \u00abmaravillosa\u00bb que \u00abredondea toda la pel\u00edcula y es un oasis a la esperanza con la que acabamos la pel\u00edcula, porque esa era la idea, terminar con algo en postivio y con una mirada hacia el futuro con esperanza\u00bb.<\/p>\n\n\n\n<p>Arturo And\u00fajar tiene postgrados en Comunicaci\u00f3n y Publicidad y en Administraci\u00f3n de Empresas y estudios de cine, fotograf\u00eda y dise\u00f1o.<\/p>\n\n\n\n<p> <\/p>\n","protected":false},"excerpt":{"rendered":"<p>El cineasta, de ra\u00edces villanoveras, hijo del profesor Arturo And\u00fajar Cobo, se ha hecho este pasado fin de semana con el premio Juan Ram\u00f3n Jim\u00e9nez en el Festival de Cine Iberoamericano de Huelva. Igual \u00e9xito cosechaba hace unos d\u00edas en el festival de cine de la capital andaluza. El director de ra\u00edces villanoveras, Arturo And\u00fajar [&hellip;]<\/p>\n","protected":false},"author":48,"featured_media":6541,"comment_status":"open","ping_status":"open","sticky":false,"template":"","format":"standard","meta":[],"categories":[1],"tags":[],"_links":{"self":[{"href":"https:\/\/vreina.smartown.es\/SI2API\/wp\/v2\/posts\/6540"}],"collection":[{"href":"https:\/\/vreina.smartown.es\/SI2API\/wp\/v2\/posts"}],"about":[{"href":"https:\/\/vreina.smartown.es\/SI2API\/wp\/v2\/types\/post"}],"author":[{"embeddable":true,"href":"https:\/\/vreina.smartown.es\/SI2API\/wp\/v2\/users\/48"}],"replies":[{"embeddable":true,"href":"https:\/\/vreina.smartown.es\/SI2API\/wp\/v2\/comments?post=6540"}],"version-history":[{"count":2,"href":"https:\/\/vreina.smartown.es\/SI2API\/wp\/v2\/posts\/6540\/revisions"}],"predecessor-version":[{"id":6544,"href":"https:\/\/vreina.smartown.es\/SI2API\/wp\/v2\/posts\/6540\/revisions\/6544"}],"wp:featuredmedia":[{"embeddable":true,"href":"https:\/\/vreina.smartown.es\/SI2API\/wp\/v2\/media\/6541"}],"wp:attachment":[{"href":"https:\/\/vreina.smartown.es\/SI2API\/wp\/v2\/media?parent=6540"}],"wp:term":[{"taxonomy":"category","embeddable":true,"href":"https:\/\/vreina.smartown.es\/SI2API\/wp\/v2\/categories?post=6540"},{"taxonomy":"post_tag","embeddable":true,"href":"https:\/\/vreina.smartown.es\/SI2API\/wp\/v2\/tags?post=6540"}],"curies":[{"name":"wp","href":"https:\/\/api.w.org\/{rel}","templated":true}]}}