{"id":6545,"date":"2021-11-24T19:19:45","date_gmt":"2021-11-24T18:19:45","guid":{"rendered":"https:\/\/vreina.smartown.es\/?p=6545"},"modified":"2021-11-24T19:19:46","modified_gmt":"2021-11-24T18:19:46","slug":"compromiso-de-diputacion-y-ayuntamiento-con-el-servicio-de-guadalinfo-en-villanueva-y-la-quinteria","status":"publish","type":"post","link":"https:\/\/vreina.smartown.es\/compromiso-de-diputacion-y-ayuntamiento-con-el-servicio-de-guadalinfo-en-villanueva-y-la-quinteria\/","title":{"rendered":"Compromiso de Diputaci\u00f3n y Ayuntamiento con el servicio de Guadalinfo en Villanueva y la Quinter\u00eda"},"content":{"rendered":"\n<p>La diputada de Gobierno Electr\u00b4\u00f3nico, \u00c1frica Colomo, ha visitado la localidad y ha mostrado su inter\u00e9s por la renovaci\u00f3n de equipos y el impulso a los centros Guadalinfo de la localidad, en especial, al de La Quinter\u00eda. <\/p>\n\n\n\n<figure class=\"wp-block-image\"><img loading=\"lazy\" width=\"1024\" height=\"745\" src=\"https:\/\/vreina.smartown.es\/wp-content\/uploads\/2021\/11\/WhatsApp-Image-2021-11-24-at-12.37.32-1024x745.jpeg\" alt=\"\" class=\"wp-image-6546\" srcset=\"https:\/\/vreina.smartown.es\/wp-content\/uploads\/2021\/11\/WhatsApp-Image-2021-11-24-at-12.37.32-1024x745.jpeg 1024w, https:\/\/vreina.smartown.es\/wp-content\/uploads\/2021\/11\/WhatsApp-Image-2021-11-24-at-12.37.32-300x218.jpeg 300w, https:\/\/vreina.smartown.es\/wp-content\/uploads\/2021\/11\/WhatsApp-Image-2021-11-24-at-12.37.32-768x559.jpeg 768w, https:\/\/vreina.smartown.es\/wp-content\/uploads\/2021\/11\/WhatsApp-Image-2021-11-24-at-12.37.32-640x466.jpeg 640w, https:\/\/vreina.smartown.es\/wp-content\/uploads\/2021\/11\/WhatsApp-Image-2021-11-24-at-12.37.32-1200x873.jpeg 1200w, https:\/\/vreina.smartown.es\/wp-content\/uploads\/2021\/11\/WhatsApp-Image-2021-11-24-at-12.37.32.jpeg 1536w\" sizes=\"(max-width: 639px) 98vw, (max-width: 1199px) 64vw, 770px\" \/><\/figure>\n\n\n\n<p>La Diputaci\u00f3n de Ja\u00e9n ha vuelto a mostrar su compromiso con los centros Guadalinfo de Villanueva. As\u00ed lo has trasladado la responsable del \u00e1rea de Gobierno Electr\u00f3nico, \u00c1frica Colomo, en su visita al municipio esta semana, en el que ha conocido el funcionamiento, los usuarios y servicios que se prestan en el municipio. <\/p>\n\n\n\n<p>En su visita, conoc\u00eda de primera mano el centro rural Guadalinfo de La Quinter\u00eda en el que los vecinos tienen acceso a conexi\u00f3n a internet y cursos y formaci\u00f3n en alfabetizaci\u00f3n digital. Seg\u00fan Alves, Colomo recogi\u00f3 ideas y se llev\u00f3 el compromiso de llevar a cabo la modernizaci\u00f3n del mismo con la compra de tabletas, la renovaci\u00f3n de equipos, la sustituci\u00f3n del servidor&#8230; \u00abque vendr\u00e1n a redundar en la mejora de un servicio esencial en nuestra localidad\u00bb en palabras. <\/p>\n","protected":false},"excerpt":{"rendered":"<p>La diputada de Gobierno Electr\u00b4\u00f3nico, \u00c1frica Colomo, ha visitado la localidad y ha mostrado su inter\u00e9s por la renovaci\u00f3n de equipos y el impulso a los centros Guadalinfo de la localidad, en especial, al de La Quinter\u00eda. La Diputaci\u00f3n de Ja\u00e9n ha vuelto a mostrar su compromiso con los centros Guadalinfo de Villanueva. As\u00ed lo [&hellip;]<\/p>\n","protected":false},"author":48,"featured_media":0,"comment_status":"open","ping_status":"open","sticky":false,"template":"","format":"standard","meta":[],"categories":[1],"tags":[],"_links":{"self":[{"href":"https:\/\/vreina.smartown.es\/SI2API\/wp\/v2\/posts\/6545"}],"collection":[{"href":"https:\/\/vreina.smartown.es\/SI2API\/wp\/v2\/posts"}],"about":[{"href":"https:\/\/vreina.smartown.es\/SI2API\/wp\/v2\/types\/post"}],"author":[{"embeddable":true,"href":"https:\/\/vreina.smartown.es\/SI2API\/wp\/v2\/users\/48"}],"replies":[{"embeddable":true,"href":"https:\/\/vreina.smartown.es\/SI2API\/wp\/v2\/comments?post=6545"}],"version-history":[{"count":1,"href":"https:\/\/vreina.smartown.es\/SI2API\/wp\/v2\/posts\/6545\/revisions"}],"predecessor-version":[{"id":6547,"href":"https:\/\/vreina.smartown.es\/SI2API\/wp\/v2\/posts\/6545\/revisions\/6547"}],"wp:attachment":[{"href":"https:\/\/vreina.smartown.es\/SI2API\/wp\/v2\/media?parent=6545"}],"wp:term":[{"taxonomy":"category","embeddable":true,"href":"https:\/\/vreina.smartown.es\/SI2API\/wp\/v2\/categories?post=6545"},{"taxonomy":"post_tag","embeddable":true,"href":"https:\/\/vreina.smartown.es\/SI2API\/wp\/v2\/tags?post=6545"}],"curies":[{"name":"wp","href":"https:\/\/api.w.org\/{rel}","templated":true}]}}