{"id":6588,"date":"2021-12-22T18:00:31","date_gmt":"2021-12-22T17:00:31","guid":{"rendered":"https:\/\/vreina.smartown.es\/?p=6588"},"modified":"2021-12-22T18:00:32","modified_gmt":"2021-12-22T17:00:32","slug":"una-campana-mas-la-guarderia-temporera-abre-sus-puertas","status":"publish","type":"post","link":"https:\/\/vreina.smartown.es\/una-campana-mas-la-guarderia-temporera-abre-sus-puertas\/","title":{"rendered":"Una campa\u00f1a m\u00e1s la guarder\u00eda temporera abre sus puertas"},"content":{"rendered":"\n<p>La guarder\u00eda temporera de Villanueva de la Reina abrir\u00e1 sus\npuertas ma\u00f1ana, 23 de noviembre. As\u00ed lo confirm\u00f3 el alcalde del municipio, Blas\nAlves, a cada uno de los padres y madres solicitantes de este servicio p\u00fablico,\ndurante la reuni\u00f3n que mantuvieron en el sal\u00f3n de plenos y donde se les inform\u00f3\nde cu\u00e1l es la situaci\u00f3n de este servicio este a\u00f1o y de c\u00f3mo va a funcionar el\nmismo a lo largo de las pr\u00f3ximas semanas.<\/p>\n\n\n\n<p>\u201cAbrimos de nuevo el servicio de guarder\u00eda temporera\nsabiendo que se va a prestar con un n\u00famero, con respecto a a\u00f1os anteriores, muy\npeque\u00f1o de inscritos\u201d, explicaba el primer edil villanovero, Blas Alves. El\ntotal de matriculados en esta campa\u00f1a es tan solo de 17 ni\u00f1os, de los cuales la\nmayor\u00eda ha solicitado el servicio solo para el per\u00edodo de vacaciones navide\u00f1as.\nEl resto, unos siete matriculados, han decidido solicitar el servicio tambi\u00e9n\ndurante los fines de semana.<\/p>\n\n\n\n<p>\u201cLos motivos de la bajada en la demanda de este servicio es,\nsobre todo, la poca contrataci\u00f3n que hay de mujeres cada a\u00f1o en el campo, que\nen el municipio contamos con el servicio de comedor que ofrece el colegio\np\u00fablico y que cada vez hay menos ni\u00f1os en nuestro pueblo\u201d, se\u00f1alaba Alves.<\/p>\n\n\n\n<p>El servicio estar\u00e1 operativo, seg\u00fan anunci\u00f3 el alcalde,\ndesde las ocho de la ma\u00f1ana hasta las cinco de la tarde, dando as\u00ed margen a que\nlas familias puedan volver con tranquilidad a recoger a sus hijos una vez\nfinalizada su jornada laboral en el tajo.<\/p>\n\n\n\n<p>Con respecto al 2019, \u00faltimo de apertura de este servicio en\nVillanueva de la Reina, podemos decir que la bajada de matriculados es bastante\nsignificativa ya que ese a\u00f1o fueron hasta sesenta los inscritos.<\/p>\n","protected":false},"excerpt":{"rendered":"<p>La guarder\u00eda temporera de Villanueva de la Reina abrir\u00e1 sus puertas ma\u00f1ana, 23 de noviembre. As\u00ed lo confirm\u00f3 el alcalde del municipio, Blas Alves, a cada uno de los padres y madres solicitantes de este servicio p\u00fablico, durante la reuni\u00f3n que mantuvieron en el sal\u00f3n de plenos y donde se les inform\u00f3 de cu\u00e1l es [&hellip;]<\/p>\n","protected":false},"author":48,"featured_media":6589,"comment_status":"open","ping_status":"open","sticky":false,"template":"","format":"standard","meta":[],"categories":[1],"tags":[],"_links":{"self":[{"href":"https:\/\/vreina.smartown.es\/SI2API\/wp\/v2\/posts\/6588"}],"collection":[{"href":"https:\/\/vreina.smartown.es\/SI2API\/wp\/v2\/posts"}],"about":[{"href":"https:\/\/vreina.smartown.es\/SI2API\/wp\/v2\/types\/post"}],"author":[{"embeddable":true,"href":"https:\/\/vreina.smartown.es\/SI2API\/wp\/v2\/users\/48"}],"replies":[{"embeddable":true,"href":"https:\/\/vreina.smartown.es\/SI2API\/wp\/v2\/comments?post=6588"}],"version-history":[{"count":1,"href":"https:\/\/vreina.smartown.es\/SI2API\/wp\/v2\/posts\/6588\/revisions"}],"predecessor-version":[{"id":6590,"href":"https:\/\/vreina.smartown.es\/SI2API\/wp\/v2\/posts\/6588\/revisions\/6590"}],"wp:featuredmedia":[{"embeddable":true,"href":"https:\/\/vreina.smartown.es\/SI2API\/wp\/v2\/media\/6589"}],"wp:attachment":[{"href":"https:\/\/vreina.smartown.es\/SI2API\/wp\/v2\/media?parent=6588"}],"wp:term":[{"taxonomy":"category","embeddable":true,"href":"https:\/\/vreina.smartown.es\/SI2API\/wp\/v2\/categories?post=6588"},{"taxonomy":"post_tag","embeddable":true,"href":"https:\/\/vreina.smartown.es\/SI2API\/wp\/v2\/tags?post=6588"}],"curies":[{"name":"wp","href":"https:\/\/api.w.org\/{rel}","templated":true}]}}