{"id":6708,"date":"2022-02-10T10:37:42","date_gmt":"2022-02-10T09:37:42","guid":{"rendered":"https:\/\/vreina.smartown.es\/?p=6708"},"modified":"2022-02-10T10:37:44","modified_gmt":"2022-02-10T09:37:44","slug":"sanidad-publica","status":"publish","type":"post","link":"https:\/\/vreina.smartown.es\/sanidad-publica\/","title":{"rendered":"SANIDAD P\u00daBLICA"},"content":{"rendered":"\n<p>_________________________________________________Ja\u00e9n, 9 de febrero de 2022<\/p>\n\n\n\n<p><strong>LA PLATAFORMA EXIGE A LA JUNTA \u201cUNA SANIDAD P\u00daBLICA FUERTE, QUE SEA UN ELEMENTO VERTEBRADOR DE NUESTROS PUEBLOS\u201d<\/strong><\/p>\n\n\n\n<p><em>Representantes de la Plataforma de Alcaldes y Alcaldesas de la Provincia de Ja\u00e9n en Defensa de la Sanidad P\u00fablica se re\u00fanen con la subdelegada del Gobierno, Catalina Madue\u00f1o, para trasladar su preocupaci\u00f3n ante \u201cel desmantelamiento del Gobierno Andaluz\u201d<\/em><br><\/p>\n\n\n\n<p>La Plataforma de Alcaldes y Alcaldesas de la Provincia de Ja\u00e9n en Defensa de la Sanidad P\u00fablica ha exigido hoy a la Junta de Andaluc\u00eda \u201cque restablezca una sanidad p\u00fablica fuerte en nuestra comunidad, que sirva como eje vertebrador de nuestros pueblos\u201d.<\/p>\n\n\n\n<p>As\u00ed lo ha manifestado una de las representantes de la Plataforma, la alcaldesa de Lopera Isabel Uceda, en la reuni\u00f3n que este colectivo ha mantenido en la jornada de hoy en la Subdelegaci\u00f3n del Gobierno. Un encuentro en el que la subdelegada Catalina Madue\u00f1o ha informado que el Gobierno de Espa\u00f1a ha transferido un total de 2.357 millones de euros a la Junta de Andaluc\u00eda para los servicios p\u00fablicos andaluces.&nbsp;<\/p>\n\n\n\n<p>Con estas cifras, Uceda ha mostrado su \u201cperplejidad\u201d, ya que se trata \u201cde la mayor cantidad de dinero de la historia\u201d que recibe el Gobierno regional por parte del Ejecutivo Central, \u201cque permite tener la situaci\u00f3n en la sanidad p\u00fablica muy diferente a la que tenemos en la actualidad\u201d.<\/p>\n\n\n\n<p>\u201cLos alcaldes y alcaldesas tenemos que alzar la voz porque la sanidad p\u00fablica es un elemento vertebrador fundamental y todos los municipios de nuestra provincia necesitan una sanidad fuerte y una atenci\u00f3n sanitaria de calidad\u201d. \u201cDesde la Plataforma estamos recogiendo el malestar de nuestros vecinos y vecinas, que nos trasladan la falta de especialistas, la no atenci\u00f3n presencial en Atenci\u00f3n Primaria y las derivaciones a centros privados\u201d.&nbsp;<br><\/p>\n\n\n\n<p>\u201cRecogemos este sentir de la ciudadan\u00eda y vamos a trasladarlo al Gobierno de la Junta de Andaluc\u00eda para solucionar un grave problema como el que estamos atravesando\u201d. Uceda ha sido clara: \u201cel Gobierno de Andaluc\u00eda se quiere escudar en la pandemia para tapar las verdaderas verg\u00fcenzas con respecto a la sanidad p\u00fablica\u201d. \u201cEs un problema de ideolog\u00eda, cuyo objetivo es el desmantelamiento de la sanidad p\u00fablica en beneficio de la sanidad privada\u201d.<\/p>\n\n\n\n<p>Con todo, la regidora de Lopera subraya que la Plataforma reivindica \u201cun gran pacto en el que est\u00e9n representados los partidos pol\u00edticos, los sindicatos, las instituciones y los representantes del sector sanitario, con el objetivo de garantizar la viabilidad del sistema sanitario p\u00fablico, gratuito y de calidad en Andaluc\u00eda y en la provincia de Ja\u00e9n\u201d.<\/p>\n\n\n\n<p>Desde que se constituyera el pasado 27 de enero, la Plataforma de Alcaldes y Alcaldesas de la Provincia de Ja\u00e9n en Defensa de la Sanidad P\u00fablica est\u00e1 realizando una ronda de presentaci\u00f3n por todas las instituciones y colectivos de la provincia de Ja\u00e9n, como la que hoy ha mantenido en la Subdelegaci\u00f3n del Gobierno.&nbsp;<\/p>\n\n\n\n<p><\/p>\n","protected":false},"excerpt":{"rendered":"<p>_________________________________________________Ja\u00e9n, 9 de febrero de 2022 LA PLATAFORMA EXIGE A LA JUNTA \u201cUNA SANIDAD P\u00daBLICA FUERTE, QUE SEA UN ELEMENTO VERTEBRADOR DE NUESTROS PUEBLOS\u201d Representantes de la Plataforma de Alcaldes y Alcaldesas de la Provincia de Ja\u00e9n en Defensa de la Sanidad P\u00fablica se re\u00fanen con la subdelegada del Gobierno, Catalina Madue\u00f1o, para trasladar su [&hellip;]<\/p>\n","protected":false},"author":43,"featured_media":6709,"comment_status":"open","ping_status":"open","sticky":false,"template":"","format":"standard","meta":[],"categories":[1],"tags":[],"_links":{"self":[{"href":"https:\/\/vreina.smartown.es\/SI2API\/wp\/v2\/posts\/6708"}],"collection":[{"href":"https:\/\/vreina.smartown.es\/SI2API\/wp\/v2\/posts"}],"about":[{"href":"https:\/\/vreina.smartown.es\/SI2API\/wp\/v2\/types\/post"}],"author":[{"embeddable":true,"href":"https:\/\/vreina.smartown.es\/SI2API\/wp\/v2\/users\/43"}],"replies":[{"embeddable":true,"href":"https:\/\/vreina.smartown.es\/SI2API\/wp\/v2\/comments?post=6708"}],"version-history":[{"count":1,"href":"https:\/\/vreina.smartown.es\/SI2API\/wp\/v2\/posts\/6708\/revisions"}],"predecessor-version":[{"id":6710,"href":"https:\/\/vreina.smartown.es\/SI2API\/wp\/v2\/posts\/6708\/revisions\/6710"}],"wp:featuredmedia":[{"embeddable":true,"href":"https:\/\/vreina.smartown.es\/SI2API\/wp\/v2\/media\/6709"}],"wp:attachment":[{"href":"https:\/\/vreina.smartown.es\/SI2API\/wp\/v2\/media?parent=6708"}],"wp:term":[{"taxonomy":"category","embeddable":true,"href":"https:\/\/vreina.smartown.es\/SI2API\/wp\/v2\/categories?post=6708"},{"taxonomy":"post_tag","embeddable":true,"href":"https:\/\/vreina.smartown.es\/SI2API\/wp\/v2\/tags?post=6708"}],"curies":[{"name":"wp","href":"https:\/\/api.w.org\/{rel}","templated":true}]}}