{"id":6763,"date":"2022-02-25T14:01:38","date_gmt":"2022-02-25T13:01:38","guid":{"rendered":"https:\/\/vreina.smartown.es\/?p=6763"},"modified":"2022-02-25T14:01:39","modified_gmt":"2022-02-25T13:01:39","slug":"la-plataforma-de-alcaldes-y-alcaldesas-prosigue-con-sus-acciones-para-denunciar-el-empeoramiento-que-esta-sufriendo-la-atencion-sanitaria-en-la-provincia-de-jaen","status":"publish","type":"post","link":"https:\/\/vreina.smartown.es\/la-plataforma-de-alcaldes-y-alcaldesas-prosigue-con-sus-acciones-para-denunciar-el-empeoramiento-que-esta-sufriendo-la-atencion-sanitaria-en-la-provincia-de-jaen\/","title":{"rendered":"La Plataforma de Alcaldes y Alcaldesas prosigue con sus acciones para denunciar el \u201cempeoramiento\u201d que est\u00e1 sufriendo la atenci\u00f3n sanitaria en la provincia de Ja\u00e9n"},"content":{"rendered":"\n<p>Los responsables municipales, entre ellos el alcalde de Villanueva, se han reunido con el comit\u00e9 de empresa del Hospital Alto Guadalquivir para conocer \u201cde primera mano\u201d si se han solventado las derivaciones a centros privados o la falta de especialistas, entre otras problem\u00e1ticas<\/p>\n\n\n\n<figure class=\"wp-block-image\"><img loading=\"lazy\" width=\"1024\" height=\"576\" src=\"https:\/\/vreina.smartown.es\/wp-content\/uploads\/2022\/02\/20220223-Reuni\u00f3n-H.-Alto-Guadalquivir-1024x576.jpg\" alt=\"\" class=\"wp-image-6764\" srcset=\"https:\/\/vreina.smartown.es\/wp-content\/uploads\/2022\/02\/20220223-Reuni\u00f3n-H.-Alto-Guadalquivir-1024x576.jpg 1024w, https:\/\/vreina.smartown.es\/wp-content\/uploads\/2022\/02\/20220223-Reuni\u00f3n-H.-Alto-Guadalquivir-300x169.jpg 300w, https:\/\/vreina.smartown.es\/wp-content\/uploads\/2022\/02\/20220223-Reuni\u00f3n-H.-Alto-Guadalquivir-768x432.jpg 768w, https:\/\/vreina.smartown.es\/wp-content\/uploads\/2022\/02\/20220223-Reuni\u00f3n-H.-Alto-Guadalquivir-640x360.jpg 640w, https:\/\/vreina.smartown.es\/wp-content\/uploads\/2022\/02\/20220223-Reuni\u00f3n-H.-Alto-Guadalquivir-1200x675.jpg 1200w, https:\/\/vreina.smartown.es\/wp-content\/uploads\/2022\/02\/20220223-Reuni\u00f3n-H.-Alto-Guadalquivir-1920x1080.jpg 1920w\" sizes=\"(max-width: 639px) 98vw, (max-width: 1199px) 64vw, 770px\" \/><\/figure>\n\n\n\n<p>&nbsp;La&nbsp;<strong>Plataforma&nbsp;de Alcaldes y Alcaldesas de la Provincia de Ja\u00e9n en Defensa de la Sanidad P\u00fablica<\/strong>&nbsp;se re\u00fane con el comit\u00e9 de empresa del<strong>&nbsp;Hospital Alto Guadalquivir&nbsp;<\/strong>para conocer las<strong>&nbsp;\u201cdeficiencias reales\u201d&nbsp;<\/strong>del centro hospitalario y como est\u00e1n afectando al trato con los usuarios y usuarias de la comarca.&nbsp;<\/p>\n\n\n\n<p>\u201cEstamos ante una<strong>&nbsp;situaci\u00f3n preocupante<\/strong>&nbsp;que est\u00e1 provocando d\u00e9ficit de profesionales, dificultades para conseguir citas presenciales en un plazo razonable, desatenci\u00f3n de los enfermos cr\u00f3nicos y graves, saturaciones en las Urgencias y notable aumento de las listas de espera para ser atendido por el especialista, entre otras\u201d, denuncian.&nbsp;<\/p>\n\n\n\n<p>Durante la reuni\u00f3n han abordado tambi\u00e9n la falta de especialistas que sigue \u201cadoleciendo\u201d el Alto Guadalquivir, la temporalidad del personal sanitario y las derivaciones de los pacientes a centros privados para las pruebas diagn\u00f3sticas.&nbsp;&nbsp;\u201cTenemos la firme convicci\u00f3n de que la pandemia no puede ser una coartada para justificar este retroceso generalizado. Para nosotros, como alcaldes y alcaldesas,&nbsp;<strong>la salud de nuestros vecinos y vecinas es lo primero<\/strong>. Por tanto, no vamos a permanecer impasibles ante el sufrimiento de toda la ciudadan\u00eda que est\u00e1 viviendo el desmantelamiento de la sanidad p\u00fablica\u201d, destacan.<\/p>\n\n\n\n<p>Desde la&nbsp;Plataforma&nbsp;anuncian que van a seguir desarrollando reuniones con&nbsp;&nbsp;colectivos de salud, personal y centros sanitarios para estar \u201cal d\u00eda\u201d de todas las problem\u00e1ticas que sufre la sanidad en la provincia de Ja\u00e9n.&nbsp;<\/p>\n\n\n\n<p>Adem\u00e1s, para finalizar, se\u00f1alan que van a&nbsp;<strong>continuar con las acciones<\/strong>&nbsp;\u201cpara seguir reivindicando que se restituyan todos los servicios sanitarios que se ofrec\u00edan a la ciudadan\u00eda con car\u00e1cter previo a la pandemia y se refuercen servicios esenciales como es la atenci\u00f3n primaria\u201d<\/p>\n","protected":false},"excerpt":{"rendered":"<p>Los responsables municipales, entre ellos el alcalde de Villanueva, se han reunido con el comit\u00e9 de empresa del Hospital Alto Guadalquivir para conocer \u201cde primera mano\u201d si se han solventado las derivaciones a centros privados o la falta de especialistas, entre otras problem\u00e1ticas &nbsp;La&nbsp;Plataforma&nbsp;de Alcaldes y Alcaldesas de la Provincia de Ja\u00e9n en Defensa de [&hellip;]<\/p>\n","protected":false},"author":48,"featured_media":6764,"comment_status":"open","ping_status":"open","sticky":false,"template":"","format":"standard","meta":[],"categories":[1],"tags":[],"_links":{"self":[{"href":"https:\/\/vreina.smartown.es\/SI2API\/wp\/v2\/posts\/6763"}],"collection":[{"href":"https:\/\/vreina.smartown.es\/SI2API\/wp\/v2\/posts"}],"about":[{"href":"https:\/\/vreina.smartown.es\/SI2API\/wp\/v2\/types\/post"}],"author":[{"embeddable":true,"href":"https:\/\/vreina.smartown.es\/SI2API\/wp\/v2\/users\/48"}],"replies":[{"embeddable":true,"href":"https:\/\/vreina.smartown.es\/SI2API\/wp\/v2\/comments?post=6763"}],"version-history":[{"count":1,"href":"https:\/\/vreina.smartown.es\/SI2API\/wp\/v2\/posts\/6763\/revisions"}],"predecessor-version":[{"id":6765,"href":"https:\/\/vreina.smartown.es\/SI2API\/wp\/v2\/posts\/6763\/revisions\/6765"}],"wp:featuredmedia":[{"embeddable":true,"href":"https:\/\/vreina.smartown.es\/SI2API\/wp\/v2\/media\/6764"}],"wp:attachment":[{"href":"https:\/\/vreina.smartown.es\/SI2API\/wp\/v2\/media?parent=6763"}],"wp:term":[{"taxonomy":"category","embeddable":true,"href":"https:\/\/vreina.smartown.es\/SI2API\/wp\/v2\/categories?post=6763"},{"taxonomy":"post_tag","embeddable":true,"href":"https:\/\/vreina.smartown.es\/SI2API\/wp\/v2\/tags?post=6763"}],"curies":[{"name":"wp","href":"https:\/\/api.w.org\/{rel}","templated":true}]}}