{"id":7042,"date":"2022-06-23T08:34:18","date_gmt":"2022-06-23T06:34:18","guid":{"rendered":"https:\/\/vreina.smartown.es\/?p=7042"},"modified":"2022-06-23T08:34:19","modified_gmt":"2022-06-23T06:34:19","slug":"el-hogar-del-jubilado-elige-a-juan-rodriguez-como-su-presidente","status":"publish","type":"post","link":"https:\/\/vreina.smartown.es\/el-hogar-del-jubilado-elige-a-juan-rodriguez-como-su-presidente\/","title":{"rendered":"El Hogar del Jubilado elige a Juan Rodr\u00edguez como su presidente"},"content":{"rendered":"\n<p><strong>La nueva Junta Directiva ha sido elegido en una asamblea general extraordinaria, por unanimidad, contando con miembros de la anterior directiva y nuevas incorporaciones. <\/strong><\/p>\n\n\n\n<ul class=\"wp-container-2 wp-block-gallery-1 wp-block-gallery columns-3 is-cropped\"><li class=\"blocks-gallery-item\"><figure><img loading=\"lazy\" width=\"1024\" height=\"461\" src=\"https:\/\/vreina.smartown.es\/wp-content\/uploads\/2022\/06\/WhatsApp-Image-2022-06-22-at-7.51.31-PM-1-1024x461.jpeg\" alt=\"\" data-id=\"7043\" data-link=\"https:\/\/vreina.smartown.es\/?attachment_id=7043\" class=\"wp-image-7043\" srcset=\"https:\/\/vreina.smartown.es\/wp-content\/uploads\/2022\/06\/WhatsApp-Image-2022-06-22-at-7.51.31-PM-1-1024x461.jpeg 1024w, https:\/\/vreina.smartown.es\/wp-content\/uploads\/2022\/06\/WhatsApp-Image-2022-06-22-at-7.51.31-PM-1-300x135.jpeg 300w, https:\/\/vreina.smartown.es\/wp-content\/uploads\/2022\/06\/WhatsApp-Image-2022-06-22-at-7.51.31-PM-1-768x346.jpeg 768w, https:\/\/vreina.smartown.es\/wp-content\/uploads\/2022\/06\/WhatsApp-Image-2022-06-22-at-7.51.31-PM-1-640x288.jpeg 640w, https:\/\/vreina.smartown.es\/wp-content\/uploads\/2022\/06\/WhatsApp-Image-2022-06-22-at-7.51.31-PM-1-1200x540.jpeg 1200w, https:\/\/vreina.smartown.es\/wp-content\/uploads\/2022\/06\/WhatsApp-Image-2022-06-22-at-7.51.31-PM-1.jpeg 1600w\" sizes=\"(max-width: 639px) 98vw, (max-width: 1199px) 64vw, 770px\" \/><\/figure><\/li><li class=\"blocks-gallery-item\"><figure><img loading=\"lazy\" width=\"1024\" height=\"461\" src=\"https:\/\/vreina.smartown.es\/wp-content\/uploads\/2022\/06\/WhatsApp-Image-2022-06-22-at-7.51.31-PM-2-1024x461.jpeg\" alt=\"\" data-id=\"7044\" data-link=\"https:\/\/vreina.smartown.es\/?attachment_id=7044\" class=\"wp-image-7044\" srcset=\"https:\/\/vreina.smartown.es\/wp-content\/uploads\/2022\/06\/WhatsApp-Image-2022-06-22-at-7.51.31-PM-2-1024x461.jpeg 1024w, https:\/\/vreina.smartown.es\/wp-content\/uploads\/2022\/06\/WhatsApp-Image-2022-06-22-at-7.51.31-PM-2-300x135.jpeg 300w, https:\/\/vreina.smartown.es\/wp-content\/uploads\/2022\/06\/WhatsApp-Image-2022-06-22-at-7.51.31-PM-2-768x346.jpeg 768w, https:\/\/vreina.smartown.es\/wp-content\/uploads\/2022\/06\/WhatsApp-Image-2022-06-22-at-7.51.31-PM-2-640x288.jpeg 640w, https:\/\/vreina.smartown.es\/wp-content\/uploads\/2022\/06\/WhatsApp-Image-2022-06-22-at-7.51.31-PM-2-1200x540.jpeg 1200w, https:\/\/vreina.smartown.es\/wp-content\/uploads\/2022\/06\/WhatsApp-Image-2022-06-22-at-7.51.31-PM-2.jpeg 1600w\" sizes=\"(max-width: 639px) 98vw, (max-width: 1199px) 64vw, 770px\" \/><\/figure><\/li><li class=\"blocks-gallery-item\"><figure><img loading=\"lazy\" width=\"1024\" height=\"461\" src=\"https:\/\/vreina.smartown.es\/wp-content\/uploads\/2022\/06\/WhatsApp-Image-2022-06-22-at-7.51.31-PM-1024x461.jpeg\" alt=\"\" data-id=\"7045\" data-link=\"https:\/\/vreina.smartown.es\/?attachment_id=7045\" class=\"wp-image-7045\" srcset=\"https:\/\/vreina.smartown.es\/wp-content\/uploads\/2022\/06\/WhatsApp-Image-2022-06-22-at-7.51.31-PM-1024x461.jpeg 1024w, https:\/\/vreina.smartown.es\/wp-content\/uploads\/2022\/06\/WhatsApp-Image-2022-06-22-at-7.51.31-PM-300x135.jpeg 300w, https:\/\/vreina.smartown.es\/wp-content\/uploads\/2022\/06\/WhatsApp-Image-2022-06-22-at-7.51.31-PM-768x346.jpeg 768w, https:\/\/vreina.smartown.es\/wp-content\/uploads\/2022\/06\/WhatsApp-Image-2022-06-22-at-7.51.31-PM-640x288.jpeg 640w, https:\/\/vreina.smartown.es\/wp-content\/uploads\/2022\/06\/WhatsApp-Image-2022-06-22-at-7.51.31-PM-1200x540.jpeg 1200w, https:\/\/vreina.smartown.es\/wp-content\/uploads\/2022\/06\/WhatsApp-Image-2022-06-22-at-7.51.31-PM.jpeg 1600w\" sizes=\"(max-width: 639px) 98vw, (max-width: 1199px) 64vw, 770px\" \/><\/figure><\/li><li class=\"blocks-gallery-item\"><figure><img loading=\"lazy\" width=\"1024\" height=\"460\" src=\"https:\/\/vreina.smartown.es\/wp-content\/uploads\/2022\/06\/WhatsApp-Image-2022-06-22-at-7.51.32-PM-1024x460.jpeg\" alt=\"\" data-id=\"7046\" data-link=\"https:\/\/vreina.smartown.es\/?attachment_id=7046\" class=\"wp-image-7046\" srcset=\"https:\/\/vreina.smartown.es\/wp-content\/uploads\/2022\/06\/WhatsApp-Image-2022-06-22-at-7.51.32-PM-1024x460.jpeg 1024w, https:\/\/vreina.smartown.es\/wp-content\/uploads\/2022\/06\/WhatsApp-Image-2022-06-22-at-7.51.32-PM-300x135.jpeg 300w, https:\/\/vreina.smartown.es\/wp-content\/uploads\/2022\/06\/WhatsApp-Image-2022-06-22-at-7.51.32-PM-768x345.jpeg 768w, https:\/\/vreina.smartown.es\/wp-content\/uploads\/2022\/06\/WhatsApp-Image-2022-06-22-at-7.51.32-PM-640x288.jpeg 640w, https:\/\/vreina.smartown.es\/wp-content\/uploads\/2022\/06\/WhatsApp-Image-2022-06-22-at-7.51.32-PM-1200x539.jpeg 1200w, https:\/\/vreina.smartown.es\/wp-content\/uploads\/2022\/06\/WhatsApp-Image-2022-06-22-at-7.51.32-PM.jpeg 1600w\" sizes=\"(max-width: 639px) 98vw, (max-width: 1199px) 64vw, 770px\" \/><\/figure><\/li><\/ul>\n\n\n\n<p>La asociaci\u00f3n cultural que dirige los destinos del Hogar del Jubilado de Villanueva de la Reina entra en nueva etapa tras la elecci\u00f3n ayer de la nueva junta directiva en la que sali\u00f3 elegido como nuevo presidente Juan Rodr\u00edguez L\u00f3pez. Junto a \u00e9l, estar\u00e1n al frente del colectivo una terna de personas que aglutinan parte de la directiva anterior y nuevas incorporaciones.  <\/p>\n\n\n\n<p>Rodr\u00edguez, conocido funcionario del Ayuntamiento ya jubilado ya ha puesto a trabajar a su nuevo equipo y entre los primeros cometidos se encargar\u00e1n de recoger ellos mismos las solicitudes para participar en los viajes del programa s\u00e9nior de viajes que organiza la Diputaci\u00f3n de Ja\u00e9n y cuyo plazo de solicitud acaba a primeros de julio.<\/p>\n\n\n\n<p>Desde el Ayuntamiento de Villanueva de la Reina y La Quinter\u00eda hemos trasladado a la nueva directiva nuestra disposici\u00f3n y nuestra total mano tendida para las necesidades con la que podamos ayudar al colectivo y brindar la colaboraci\u00f3n y trabajo conjunto que se requiera para este  grupo de personas que representan a nuestros mayores en el municipio. <\/p>\n","protected":false},"excerpt":{"rendered":"<p>La nueva Junta Directiva ha sido elegido en una asamblea general extraordinaria, por unanimidad, contando con miembros de la anterior directiva y nuevas incorporaciones. La asociaci\u00f3n cultural que dirige los destinos del Hogar del Jubilado de Villanueva de la Reina entra en nueva etapa tras la elecci\u00f3n ayer de la nueva junta directiva en la [&hellip;]<\/p>\n","protected":false},"author":48,"featured_media":7045,"comment_status":"open","ping_status":"open","sticky":false,"template":"","format":"standard","meta":[],"categories":[1],"tags":[],"_links":{"self":[{"href":"https:\/\/vreina.smartown.es\/SI2API\/wp\/v2\/posts\/7042"}],"collection":[{"href":"https:\/\/vreina.smartown.es\/SI2API\/wp\/v2\/posts"}],"about":[{"href":"https:\/\/vreina.smartown.es\/SI2API\/wp\/v2\/types\/post"}],"author":[{"embeddable":true,"href":"https:\/\/vreina.smartown.es\/SI2API\/wp\/v2\/users\/48"}],"replies":[{"embeddable":true,"href":"https:\/\/vreina.smartown.es\/SI2API\/wp\/v2\/comments?post=7042"}],"version-history":[{"count":1,"href":"https:\/\/vreina.smartown.es\/SI2API\/wp\/v2\/posts\/7042\/revisions"}],"predecessor-version":[{"id":7047,"href":"https:\/\/vreina.smartown.es\/SI2API\/wp\/v2\/posts\/7042\/revisions\/7047"}],"wp:featuredmedia":[{"embeddable":true,"href":"https:\/\/vreina.smartown.es\/SI2API\/wp\/v2\/media\/7045"}],"wp:attachment":[{"href":"https:\/\/vreina.smartown.es\/SI2API\/wp\/v2\/media?parent=7042"}],"wp:term":[{"taxonomy":"category","embeddable":true,"href":"https:\/\/vreina.smartown.es\/SI2API\/wp\/v2\/categories?post=7042"},{"taxonomy":"post_tag","embeddable":true,"href":"https:\/\/vreina.smartown.es\/SI2API\/wp\/v2\/tags?post=7042"}],"curies":[{"name":"wp","href":"https:\/\/api.w.org\/{rel}","templated":true}]}}