{"id":7197,"date":"2022-10-03T09:32:00","date_gmt":"2022-10-03T07:32:00","guid":{"rendered":"https:\/\/vreina.smartown.es\/?p=7197"},"modified":"2022-11-13T09:57:50","modified_gmt":"2022-11-13T08:57:50","slug":"el-ayuntamiento-de-villanueva-de-la-reina-solicita-de-nuevo-la-limpieza-de-la-a-6075-en-su-paso-por-la-localidad","status":"publish","type":"post","link":"https:\/\/vreina.smartown.es\/el-ayuntamiento-de-villanueva-de-la-reina-solicita-de-nuevo-la-limpieza-de-la-a-6075-en-su-paso-por-la-localidad\/","title":{"rendered":"El Ayuntamiento de Villanueva de la Reina solicita a la Junta de Andaluc\u00eda de nuevo la limpieza de la A-6075 en su paso por la localidad."},"content":{"rendered":"\n<p>Tras realizar un primer contacto en el mes de junio con la Delegaci\u00f3n de Fomento de la Junta de Andaluc\u00eda en Ja\u00e9n, el Consistorio Municipal villanovero ha vuelto a dirigirse a este organismo del gobierno auton\u00f3mico, al reci\u00e9n nombrado delgado de Fomento, Miguel Contreras,  para solicitar la limpieza de la carretera A-6075 en su paso por Villanueva de la Reina, concretamente en la zona del arroyo \u00abEl Encantado\u00bb<\/p>\n\n\n\n<p>Seg\u00fan ha expuesto el Ayuntamiento a la Delegaci\u00f3n, este paso lleva taponado por barro y sedimentos desde hace m\u00e1s de 2 a\u00f1os, impidiendo que el agua proveniente del arroyo pueda continuar su cauce, provocando retenci\u00f3n e, incluso, que pueda desbordarse justo en este punto, por lo que parte de las aguas desbordadas o bien discurren cortando la carretera A-6075 o bien se dirigen a las calles del municipio inund\u00e1ndolas.<\/p>\n\n\n\n<p>Una solicitud que se ha llevado a cabo al ser la carretera A-6075 de titularidad auton\u00f3mica y mantener el Consistorio Municipal limpio el cauce del arroyo que discurre por el casco urbano. <\/p>\n\n\n\n<p>En la carta dirigida a la Delegaci\u00f3n de Fomento, el Ayuntamiento de Villanueva de la Reina ha expuesto que cuando se notific\u00f3 de esta situaci\u00f3n en el mes de junio, la respuesta recibida expon\u00eda que, aunque el paso se limpiar\u00eda, volver\u00eda a atascarse debido a la suciedad que el agua encuentra en su recorrido y que impide la normal circulaci\u00f3n por su cauce.<\/p>\n\n\n\n<p>No obstante, para el Consistorio Municipal este no es un argumento acertado, ya que el desbordamiento del arroyo no solo afecta a la circulaci\u00f3n en la carretera A-6075, sino tambi\u00e9n a Villanueva de la Reina, al inundarse sus calles. Por ello, se ha manifestado a la Delegaci\u00f3n de Fomento la importancia de mantener esta zona limpia.<\/p>\n\n\n\n<figure class=\"wp-block-image size-full\"><img loading=\"lazy\" width=\"640\" height=\"351\" src=\"https:\/\/vreina.smartown.es\/wp-content\/uploads\/2022\/10\/WhatsApp-Image-2022-10-03-at-08.56.06.jpeg\" alt=\"\" class=\"wp-image-7198\" srcset=\"https:\/\/vreina.smartown.es\/wp-content\/uploads\/2022\/10\/WhatsApp-Image-2022-10-03-at-08.56.06.jpeg 640w, https:\/\/vreina.smartown.es\/wp-content\/uploads\/2022\/10\/WhatsApp-Image-2022-10-03-at-08.56.06-300x165.jpeg 300w\" sizes=\"(max-width: 639px) 98vw, (max-width: 1199px) 64vw, 640px\" \/><\/figure>\n\n\n\n<figure class=\"wp-block-image size-large\"><img loading=\"lazy\" width=\"1024\" height=\"506\" src=\"https:\/\/vreina.smartown.es\/wp-content\/uploads\/2022\/10\/WhatsApp-Image-2022-10-03-at-08.56.06-1-1024x506.jpeg\" alt=\"\" class=\"wp-image-7199\" srcset=\"https:\/\/vreina.smartown.es\/wp-content\/uploads\/2022\/10\/WhatsApp-Image-2022-10-03-at-08.56.06-1-1024x506.jpeg 1024w, https:\/\/vreina.smartown.es\/wp-content\/uploads\/2022\/10\/WhatsApp-Image-2022-10-03-at-08.56.06-1-300x148.jpeg 300w, https:\/\/vreina.smartown.es\/wp-content\/uploads\/2022\/10\/WhatsApp-Image-2022-10-03-at-08.56.06-1-768x380.jpeg 768w, https:\/\/vreina.smartown.es\/wp-content\/uploads\/2022\/10\/WhatsApp-Image-2022-10-03-at-08.56.06-1-1536x759.jpeg 1536w, https:\/\/vreina.smartown.es\/wp-content\/uploads\/2022\/10\/WhatsApp-Image-2022-10-03-at-08.56.06-1-640x316.jpeg 640w, https:\/\/vreina.smartown.es\/wp-content\/uploads\/2022\/10\/WhatsApp-Image-2022-10-03-at-08.56.06-1-1200x593.jpeg 1200w, https:\/\/vreina.smartown.es\/wp-content\/uploads\/2022\/10\/WhatsApp-Image-2022-10-03-at-08.56.06-1.jpeg 1600w\" sizes=\"(max-width: 639px) 98vw, (max-width: 1199px) 64vw, 770px\" \/><\/figure>\n\n\n\n<figure class=\"wp-block-image size-full\"><img loading=\"lazy\" width=\"640\" height=\"480\" src=\"https:\/\/vreina.smartown.es\/wp-content\/uploads\/2022\/10\/WhatsApp-Image-2022-10-03-at-08.56.05.jpeg\" alt=\"\" class=\"wp-image-7200\" srcset=\"https:\/\/vreina.smartown.es\/wp-content\/uploads\/2022\/10\/WhatsApp-Image-2022-10-03-at-08.56.05.jpeg 640w, https:\/\/vreina.smartown.es\/wp-content\/uploads\/2022\/10\/WhatsApp-Image-2022-10-03-at-08.56.05-300x225.jpeg 300w\" sizes=\"(max-width: 639px) 98vw, (max-width: 1199px) 64vw, 640px\" \/><\/figure>\n\n\n\n<figure class=\"wp-block-image size-large\"><img loading=\"lazy\" width=\"1024\" height=\"768\" src=\"https:\/\/vreina.smartown.es\/wp-content\/uploads\/2022\/11\/IMG_4497-1024x768.jpeg\" alt=\"\" class=\"wp-image-7262\" srcset=\"https:\/\/vreina.smartown.es\/wp-content\/uploads\/2022\/11\/IMG_4497-1024x768.jpeg 1024w, https:\/\/vreina.smartown.es\/wp-content\/uploads\/2022\/11\/IMG_4497-300x225.jpeg 300w, https:\/\/vreina.smartown.es\/wp-content\/uploads\/2022\/11\/IMG_4497-768x576.jpeg 768w, https:\/\/vreina.smartown.es\/wp-content\/uploads\/2022\/11\/IMG_4497-1536x1152.jpeg 1536w, https:\/\/vreina.smartown.es\/wp-content\/uploads\/2022\/11\/IMG_4497-640x480.jpeg 640w, https:\/\/vreina.smartown.es\/wp-content\/uploads\/2022\/11\/IMG_4497-1200x900.jpeg 1200w, https:\/\/vreina.smartown.es\/wp-content\/uploads\/2022\/11\/IMG_4497-1920x1440.jpeg 1920w, https:\/\/vreina.smartown.es\/wp-content\/uploads\/2022\/11\/IMG_4497.jpeg 2048w\" sizes=\"(max-width: 639px) 98vw, (max-width: 1199px) 64vw, 770px\" \/><\/figure>\n","protected":false},"excerpt":{"rendered":"<p>Tras realizar un primer contacto en el mes de junio con la Delegaci\u00f3n de Fomento de la Junta de Andaluc\u00eda en Ja\u00e9n, el Consistorio Municipal villanovero ha vuelto a dirigirse a este organismo del gobierno auton\u00f3mico, al reci\u00e9n nombrado delgado de Fomento, Miguel Contreras, para solicitar la limpieza de la carretera A-6075 en su paso [&hellip;]<\/p>\n","protected":false},"author":48,"featured_media":7259,"comment_status":"open","ping_status":"open","sticky":false,"template":"","format":"standard","meta":[],"categories":[1],"tags":[],"_links":{"self":[{"href":"https:\/\/vreina.smartown.es\/SI2API\/wp\/v2\/posts\/7197"}],"collection":[{"href":"https:\/\/vreina.smartown.es\/SI2API\/wp\/v2\/posts"}],"about":[{"href":"https:\/\/vreina.smartown.es\/SI2API\/wp\/v2\/types\/post"}],"author":[{"embeddable":true,"href":"https:\/\/vreina.smartown.es\/SI2API\/wp\/v2\/users\/48"}],"replies":[{"embeddable":true,"href":"https:\/\/vreina.smartown.es\/SI2API\/wp\/v2\/comments?post=7197"}],"version-history":[{"count":4,"href":"https:\/\/vreina.smartown.es\/SI2API\/wp\/v2\/posts\/7197\/revisions"}],"predecessor-version":[{"id":7264,"href":"https:\/\/vreina.smartown.es\/SI2API\/wp\/v2\/posts\/7197\/revisions\/7264"}],"wp:featuredmedia":[{"embeddable":true,"href":"https:\/\/vreina.smartown.es\/SI2API\/wp\/v2\/media\/7259"}],"wp:attachment":[{"href":"https:\/\/vreina.smartown.es\/SI2API\/wp\/v2\/media?parent=7197"}],"wp:term":[{"taxonomy":"category","embeddable":true,"href":"https:\/\/vreina.smartown.es\/SI2API\/wp\/v2\/categories?post=7197"},{"taxonomy":"post_tag","embeddable":true,"href":"https:\/\/vreina.smartown.es\/SI2API\/wp\/v2\/tags?post=7197"}],"curies":[{"name":"wp","href":"https:\/\/api.w.org\/{rel}","templated":true}]}}