{"id":7232,"date":"2022-11-13T09:48:04","date_gmt":"2022-11-13T08:48:04","guid":{"rendered":"https:\/\/vreina.smartown.es\/?p=7232"},"modified":"2022-11-13T09:48:05","modified_gmt":"2022-11-13T08:48:05","slug":"el-ayuntamiento-de-villanueva-fomenta-el-desarrollo-de-eventos-flamencos-en-la-localidad","status":"publish","type":"post","link":"https:\/\/vreina.smartown.es\/el-ayuntamiento-de-villanueva-fomenta-el-desarrollo-de-eventos-flamencos-en-la-localidad\/","title":{"rendered":"El Ayuntamiento de Villanueva fomenta el desarrollo de eventos flamencos en la localidad"},"content":{"rendered":"\n<p>La pe\u00f1a flamenca El Olivo del Cante con el apoyo del ayuntamiento de Villanueva de la Reina promueven el desarrollo de un taller flamenco que cuenta con una participaci\u00f3n destacada, sobre todo de j\u00f3venes villanoveros.<\/p>\n\n\n\n<p>Alumnos de toda la comarca y de todas las edades, se dan cita cada a\u00f1o en los cursos que la pe\u00f1a organiza, contando con los mejores profesores, poniendo en valor todo lo aprendido en el concierto que se organiza en la clausura de cada a\u00f1o en el teatro municipal.<\/p>\n\n\n\n<p>Los profesores que han ofrecido lecciones de guitarra y cante han sido Isabel Dur\u00e1n y Miguel \u00c1ngel Laguna.<\/p>\n\n\n\n<figure class=\"wp-block-image size-large\"><img loading=\"lazy\" width=\"1024\" height=\"472\" src=\"https:\/\/vreina.smartown.es\/wp-content\/uploads\/2022\/11\/taller-alumnos-curso-flamenco-1024x472.jpg\" alt=\"\" class=\"wp-image-7256\" srcset=\"https:\/\/vreina.smartown.es\/wp-content\/uploads\/2022\/11\/taller-alumnos-curso-flamenco-1024x472.jpg 1024w, https:\/\/vreina.smartown.es\/wp-content\/uploads\/2022\/11\/taller-alumnos-curso-flamenco-300x138.jpg 300w, https:\/\/vreina.smartown.es\/wp-content\/uploads\/2022\/11\/taller-alumnos-curso-flamenco-768x354.jpg 768w, https:\/\/vreina.smartown.es\/wp-content\/uploads\/2022\/11\/taller-alumnos-curso-flamenco-1536x708.jpg 1536w, https:\/\/vreina.smartown.es\/wp-content\/uploads\/2022\/11\/taller-alumnos-curso-flamenco-640x295.jpg 640w, https:\/\/vreina.smartown.es\/wp-content\/uploads\/2022\/11\/taller-alumnos-curso-flamenco-1200x553.jpg 1200w, https:\/\/vreina.smartown.es\/wp-content\/uploads\/2022\/11\/taller-alumnos-curso-flamenco-1920x885.jpg 1920w, https:\/\/vreina.smartown.es\/wp-content\/uploads\/2022\/11\/taller-alumnos-curso-flamenco.jpg 2000w\" sizes=\"(max-width: 639px) 98vw, (max-width: 1199px) 64vw, 770px\" \/><\/figure>\n","protected":false},"excerpt":{"rendered":"<p>La pe\u00f1a flamenca El Olivo del Cante con el apoyo del ayuntamiento de Villanueva de la Reina promueven el desarrollo de un taller flamenco que cuenta con una participaci\u00f3n destacada, sobre todo de j\u00f3venes villanoveros. Alumnos de toda la comarca y de todas las edades, se dan cita cada a\u00f1o en los cursos que la [&hellip;]<\/p>\n","protected":false},"author":48,"featured_media":7257,"comment_status":"open","ping_status":"open","sticky":false,"template":"","format":"standard","meta":[],"categories":[1],"tags":[],"_links":{"self":[{"href":"https:\/\/vreina.smartown.es\/SI2API\/wp\/v2\/posts\/7232"}],"collection":[{"href":"https:\/\/vreina.smartown.es\/SI2API\/wp\/v2\/posts"}],"about":[{"href":"https:\/\/vreina.smartown.es\/SI2API\/wp\/v2\/types\/post"}],"author":[{"embeddable":true,"href":"https:\/\/vreina.smartown.es\/SI2API\/wp\/v2\/users\/48"}],"replies":[{"embeddable":true,"href":"https:\/\/vreina.smartown.es\/SI2API\/wp\/v2\/comments?post=7232"}],"version-history":[{"count":1,"href":"https:\/\/vreina.smartown.es\/SI2API\/wp\/v2\/posts\/7232\/revisions"}],"predecessor-version":[{"id":7258,"href":"https:\/\/vreina.smartown.es\/SI2API\/wp\/v2\/posts\/7232\/revisions\/7258"}],"wp:featuredmedia":[{"embeddable":true,"href":"https:\/\/vreina.smartown.es\/SI2API\/wp\/v2\/media\/7257"}],"wp:attachment":[{"href":"https:\/\/vreina.smartown.es\/SI2API\/wp\/v2\/media?parent=7232"}],"wp:term":[{"taxonomy":"category","embeddable":true,"href":"https:\/\/vreina.smartown.es\/SI2API\/wp\/v2\/categories?post=7232"},{"taxonomy":"post_tag","embeddable":true,"href":"https:\/\/vreina.smartown.es\/SI2API\/wp\/v2\/tags?post=7232"}],"curies":[{"name":"wp","href":"https:\/\/api.w.org\/{rel}","templated":true}]}}