{"id":7420,"date":"2022-12-12T13:14:47","date_gmt":"2022-12-12T12:14:47","guid":{"rendered":"https:\/\/vreina.smartown.es\/?p=7420"},"modified":"2022-12-12T13:17:01","modified_gmt":"2022-12-12T12:17:01","slug":"semana-del-mayor","status":"publish","type":"post","link":"https:\/\/vreina.smartown.es\/semana-del-mayor\/","title":{"rendered":"SEMANA DEL MAYOR"},"content":{"rendered":"\n<p>DEL 12 AL 18 DE DICIEMBRE DE 2022<\/p>\n\n\n\n<p>Con el objetivo de promover la convivencia y el envejecimiento activo en el sector de la tercera edad, el Ayuntamiento de Villanueva de la Reina ha elaborado, dentro del programa navide\u00f1o, una semana organizada con mucho cari\u00f1o para los jubilados y pensionistas de la localidad y la pedan\u00eda.<\/p>\n\n\n\n<figure class=\"wp-block-image size-large\"><img loading=\"lazy\" width=\"683\" height=\"1024\" src=\"https:\/\/vreina.smartown.es\/wp-content\/uploads\/2022\/12\/fondo-vertical-vacaciones-navidad-pinos-nieve-planos-juguetes-navidad-papel-sobre-fondo-madera-espacio-copia_150893-5746-5-683x1024.jpg\" alt=\"\" class=\"wp-image-7421\" srcset=\"https:\/\/vreina.smartown.es\/wp-content\/uploads\/2022\/12\/fondo-vertical-vacaciones-navidad-pinos-nieve-planos-juguetes-navidad-papel-sobre-fondo-madera-espacio-copia_150893-5746-5-683x1024.jpg 683w, https:\/\/vreina.smartown.es\/wp-content\/uploads\/2022\/12\/fondo-vertical-vacaciones-navidad-pinos-nieve-planos-juguetes-navidad-papel-sobre-fondo-madera-espacio-copia_150893-5746-5-200x300.jpg 200w, https:\/\/vreina.smartown.es\/wp-content\/uploads\/2022\/12\/fondo-vertical-vacaciones-navidad-pinos-nieve-planos-juguetes-navidad-papel-sobre-fondo-madera-espacio-copia_150893-5746-5-768x1152.jpg 768w, https:\/\/vreina.smartown.es\/wp-content\/uploads\/2022\/12\/fondo-vertical-vacaciones-navidad-pinos-nieve-planos-juguetes-navidad-papel-sobre-fondo-madera-espacio-copia_150893-5746-5-1024x1536.jpg 1024w, https:\/\/vreina.smartown.es\/wp-content\/uploads\/2022\/12\/fondo-vertical-vacaciones-navidad-pinos-nieve-planos-juguetes-navidad-papel-sobre-fondo-madera-espacio-copia_150893-5746-5-1365x2048.jpg 1365w, https:\/\/vreina.smartown.es\/wp-content\/uploads\/2022\/12\/fondo-vertical-vacaciones-navidad-pinos-nieve-planos-juguetes-navidad-papel-sobre-fondo-madera-espacio-copia_150893-5746-5-640x960.jpg 640w, https:\/\/vreina.smartown.es\/wp-content\/uploads\/2022\/12\/fondo-vertical-vacaciones-navidad-pinos-nieve-planos-juguetes-navidad-papel-sobre-fondo-madera-espacio-copia_150893-5746-5-1200x1800.jpg 1200w, https:\/\/vreina.smartown.es\/wp-content\/uploads\/2022\/12\/fondo-vertical-vacaciones-navidad-pinos-nieve-planos-juguetes-navidad-papel-sobre-fondo-madera-espacio-copia_150893-5746-5-1920x2880.jpg 1920w, https:\/\/vreina.smartown.es\/wp-content\/uploads\/2022\/12\/fondo-vertical-vacaciones-navidad-pinos-nieve-planos-juguetes-navidad-papel-sobre-fondo-madera-espacio-copia_150893-5746-5-scaled.jpg 1706w\" sizes=\"(max-width: 639px) 98vw, (max-width: 1199px) 64vw, 683px\" \/><\/figure>\n","protected":false},"excerpt":{"rendered":"<p>DEL 12 AL 18 DE DICIEMBRE DE 2022 Con el objetivo de promover la convivencia y el envejecimiento activo en el sector de la tercera edad, el Ayuntamiento de Villanueva de la Reina ha elaborado, dentro del programa navide\u00f1o, una semana organizada con mucho cari\u00f1o para los jubilados y pensionistas de la localidad y la [&hellip;]<\/p>\n","protected":false},"author":43,"featured_media":7424,"comment_status":"open","ping_status":"open","sticky":false,"template":"","format":"standard","meta":[],"categories":[1],"tags":[],"_links":{"self":[{"href":"https:\/\/vreina.smartown.es\/SI2API\/wp\/v2\/posts\/7420"}],"collection":[{"href":"https:\/\/vreina.smartown.es\/SI2API\/wp\/v2\/posts"}],"about":[{"href":"https:\/\/vreina.smartown.es\/SI2API\/wp\/v2\/types\/post"}],"author":[{"embeddable":true,"href":"https:\/\/vreina.smartown.es\/SI2API\/wp\/v2\/users\/43"}],"replies":[{"embeddable":true,"href":"https:\/\/vreina.smartown.es\/SI2API\/wp\/v2\/comments?post=7420"}],"version-history":[{"count":2,"href":"https:\/\/vreina.smartown.es\/SI2API\/wp\/v2\/posts\/7420\/revisions"}],"predecessor-version":[{"id":7425,"href":"https:\/\/vreina.smartown.es\/SI2API\/wp\/v2\/posts\/7420\/revisions\/7425"}],"wp:featuredmedia":[{"embeddable":true,"href":"https:\/\/vreina.smartown.es\/SI2API\/wp\/v2\/media\/7424"}],"wp:attachment":[{"href":"https:\/\/vreina.smartown.es\/SI2API\/wp\/v2\/media?parent=7420"}],"wp:term":[{"taxonomy":"category","embeddable":true,"href":"https:\/\/vreina.smartown.es\/SI2API\/wp\/v2\/categories?post=7420"},{"taxonomy":"post_tag","embeddable":true,"href":"https:\/\/vreina.smartown.es\/SI2API\/wp\/v2\/tags?post=7420"}],"curies":[{"name":"wp","href":"https:\/\/api.w.org\/{rel}","templated":true}]}}