{"id":7434,"date":"2023-01-12T09:16:43","date_gmt":"2023-01-12T08:16:43","guid":{"rendered":"https:\/\/vreina.smartown.es\/?p=7434"},"modified":"2023-01-12T09:16:44","modified_gmt":"2023-01-12T08:16:44","slug":"el-presidente-de-timor-oriental-recibe-aceite-villanovero-y-algunos-presentes-de-la-cultura-y-la-historia-de-villanueva-de-la-reina","status":"publish","type":"post","link":"https:\/\/vreina.smartown.es\/el-presidente-de-timor-oriental-recibe-aceite-villanovero-y-algunos-presentes-de-la-cultura-y-la-historia-de-villanueva-de-la-reina\/","title":{"rendered":"El Presidente de Timor Oriental recibe aceite villanovero y algunos presentes de la cultura y la historia de Villanueva de la Reina."},"content":{"rendered":"\n<p>Jos\u00e9 Manuel Ramos-Horta (Dili, 26 de diciembre de 1949) es un pol\u00edtico de Timor Oriental que actualmente es el presidente de Timor Oriental desde mayo de 2022. Tambi\u00e9n fue presidente del 20 de mayo de 2007 al 20 de mayo de 2012. Anteriormente fue Ministro de Relaciones Exteriores de 2002 a 2006 y Primer Ministro de 2006 a 2007. es co-ganador del Premio Nobel de la Paz de 1996, junto con Carlos Felipe Ximenes Belo, por trabajar \u00abhacia una soluci\u00f3n justa y pac\u00edfica del conflicto en Timor Oriental\u00bb.<\/p>\n\n\n\n<figure class=\"wp-block-image size-large\"><img loading=\"lazy\" width=\"768\" height=\"1024\" src=\"https:\/\/vreina.smartown.es\/wp-content\/uploads\/2023\/01\/Presidente-timor-Oriental-1-768x1024.jpeg\" alt=\"\" class=\"wp-image-7435\" srcset=\"https:\/\/vreina.smartown.es\/wp-content\/uploads\/2023\/01\/Presidente-timor-Oriental-1-768x1024.jpeg 768w, https:\/\/vreina.smartown.es\/wp-content\/uploads\/2023\/01\/Presidente-timor-Oriental-1-225x300.jpeg 225w, https:\/\/vreina.smartown.es\/wp-content\/uploads\/2023\/01\/Presidente-timor-Oriental-1-640x853.jpeg 640w, https:\/\/vreina.smartown.es\/wp-content\/uploads\/2023\/01\/Presidente-timor-Oriental-1.jpeg 810w\" sizes=\"(max-width: 639px) 98vw, (max-width: 1199px) 64vw, 768px\" \/><\/figure>\n\n\n\n<p>Timor Oriental es una isla situada al norte de Australia. En total el pa\u00eds tiene 14.874km\u00b2 de superficie,\u200b y una poblaci\u00f3n de m\u00e1s de 1.100.000 habitantes, aqu\u00ed vive un paisano villanovero que ejerce de embajador de su pueblo, Villanueva de la Reina entre personalidades mas destacadas de este pa\u00eds.<\/p>\n\n\n\n<p>Luis Morales Mora, viaj\u00f3 recientemente hasta Villanueva de la Reina con motivo del fallecimiento de su madre, desde aqu\u00ed reiteramos nuestro mas sentido p\u00e9same a toda la familia, y como ha pasado en otras ocasiones que ha regresado a su pueblo, siempre vuelve a su lugar de residencia, Timor Oriental, haciendo gala de lo que se hace y produce en su pueblo natal, en esta ocasi\u00f3n, cultura, tradiciones y el mejor aceite de oliva virgen extra del mundo.<\/p>\n\n\n\n<p>Gracias a Luis y todos los villanoveros y villanoveras que mostr\u00e1is por todo el mundo la riqueza cultural, hist\u00f3rica o econ\u00f3mica de Villanueva de la Reina.<\/p>\n\n\n\n<figure class=\"wp-block-image size-full\"><img loading=\"lazy\" width=\"912\" height=\"684\" src=\"https:\/\/vreina.smartown.es\/wp-content\/uploads\/2023\/01\/Presidente-timor-Oriental-2.jpeg\" alt=\"\" class=\"wp-image-7436\" srcset=\"https:\/\/vreina.smartown.es\/wp-content\/uploads\/2023\/01\/Presidente-timor-Oriental-2.jpeg 912w, https:\/\/vreina.smartown.es\/wp-content\/uploads\/2023\/01\/Presidente-timor-Oriental-2-300x225.jpeg 300w, https:\/\/vreina.smartown.es\/wp-content\/uploads\/2023\/01\/Presidente-timor-Oriental-2-768x576.jpeg 768w, https:\/\/vreina.smartown.es\/wp-content\/uploads\/2023\/01\/Presidente-timor-Oriental-2-640x480.jpeg 640w\" sizes=\"(max-width: 639px) 98vw, (max-width: 1199px) 64vw, 770px\" \/><\/figure>\n","protected":false},"excerpt":{"rendered":"<p>Jos\u00e9 Manuel Ramos-Horta (Dili, 26 de diciembre de 1949) es un pol\u00edtico de Timor Oriental que actualmente es el presidente de Timor Oriental desde mayo de 2022. Tambi\u00e9n fue presidente del 20 de mayo de 2007 al 20 de mayo de 2012. Anteriormente fue Ministro de Relaciones Exteriores de 2002 a 2006 y Primer Ministro [&hellip;]<\/p>\n","protected":false},"author":43,"featured_media":7437,"comment_status":"open","ping_status":"open","sticky":false,"template":"","format":"standard","meta":[],"categories":[1],"tags":[],"_links":{"self":[{"href":"https:\/\/vreina.smartown.es\/SI2API\/wp\/v2\/posts\/7434"}],"collection":[{"href":"https:\/\/vreina.smartown.es\/SI2API\/wp\/v2\/posts"}],"about":[{"href":"https:\/\/vreina.smartown.es\/SI2API\/wp\/v2\/types\/post"}],"author":[{"embeddable":true,"href":"https:\/\/vreina.smartown.es\/SI2API\/wp\/v2\/users\/43"}],"replies":[{"embeddable":true,"href":"https:\/\/vreina.smartown.es\/SI2API\/wp\/v2\/comments?post=7434"}],"version-history":[{"count":1,"href":"https:\/\/vreina.smartown.es\/SI2API\/wp\/v2\/posts\/7434\/revisions"}],"predecessor-version":[{"id":7438,"href":"https:\/\/vreina.smartown.es\/SI2API\/wp\/v2\/posts\/7434\/revisions\/7438"}],"wp:featuredmedia":[{"embeddable":true,"href":"https:\/\/vreina.smartown.es\/SI2API\/wp\/v2\/media\/7437"}],"wp:attachment":[{"href":"https:\/\/vreina.smartown.es\/SI2API\/wp\/v2\/media?parent=7434"}],"wp:term":[{"taxonomy":"category","embeddable":true,"href":"https:\/\/vreina.smartown.es\/SI2API\/wp\/v2\/categories?post=7434"},{"taxonomy":"post_tag","embeddable":true,"href":"https:\/\/vreina.smartown.es\/SI2API\/wp\/v2\/tags?post=7434"}],"curies":[{"name":"wp","href":"https:\/\/api.w.org\/{rel}","templated":true}]}}