{"id":7539,"date":"2023-01-23T04:03:00","date_gmt":"2023-01-23T03:03:00","guid":{"rendered":"https:\/\/vreina.smartown.es\/?p=7539"},"modified":"2023-01-21T16:10:44","modified_gmt":"2023-01-21T15:10:44","slug":"charla-sobre-las-pensiones","status":"publish","type":"post","link":"https:\/\/vreina.smartown.es\/charla-sobre-las-pensiones\/","title":{"rendered":"CHARLA SOBRE LAS PENSIONES"},"content":{"rendered":"\n<p>El martes d\u00eda 24 de enero Alfonso Mu\u00f1oz, portavoz de la comisi\u00f3n de seguridad social en el Senado, dar\u00e1 una conferencia sobre la evoluci\u00f3n de las pensiones despu\u00e9s de la subida aprobada por el Gobierno de Espa\u00f1a.<\/p>\n\n\n\n<p>La charla est\u00e1 dirigida fundamentalmente a jubiladas\/os en general, pero tambi\u00e9n a j\u00f3venes que quieran saber sobre el futuro de las pensiones en Espa\u00f1a.<\/p>\n\n\n\n<p>Ser\u00e1 en el martes d\u00eda 24 en el hogar del jubilado a las 17,00h<\/p>\n\n\n\n<p>Alfonso Mu\u00f1oz Cuanca, es funcionario de carrera del Ministerio de Inclusi\u00f3n, Seguridad Social y Migraciones desde 1991. Desde 2017 dirige el Centro de atenci\u00f3n e informaci\u00f3n de la Seguridad Social de Montoro, aunque actualmente por su cargo de Senador, se encuentra en excedencia.<\/p>\n\n\n\n<p>En el Senado desempe\u00f1a el cargo de Portavoz Socialista de Inclusi\u00f3n y Seguridad Social,  ha sido ponente de la Ley del Ingreso M\u00ednimo Vital, la Ley sobre repartidores de plataformas digitales (llamada Ley Riders), la ley para la garant\u00eda del poder adquisitivo de las pensiones, la Ley de planes de pensiones de empleo o la Ley fondo de compensaci\u00f3n a v\u00edctimas del Amianto.<\/p>\n\n\n\n<figure class=\"wp-block-image size-large\"><img loading=\"lazy\" width=\"724\" height=\"1024\" src=\"https:\/\/vreina.smartown.es\/wp-content\/uploads\/2023\/01\/cartel-informativo-724x1024.jpeg\" alt=\"\" class=\"wp-image-7540\" srcset=\"https:\/\/vreina.smartown.es\/wp-content\/uploads\/2023\/01\/cartel-informativo-724x1024.jpeg 724w, https:\/\/vreina.smartown.es\/wp-content\/uploads\/2023\/01\/cartel-informativo-212x300.jpeg 212w, https:\/\/vreina.smartown.es\/wp-content\/uploads\/2023\/01\/cartel-informativo-768x1086.jpeg 768w, https:\/\/vreina.smartown.es\/wp-content\/uploads\/2023\/01\/cartel-informativo-1086x1536.jpeg 1086w, https:\/\/vreina.smartown.es\/wp-content\/uploads\/2023\/01\/cartel-informativo-640x905.jpeg 640w, https:\/\/vreina.smartown.es\/wp-content\/uploads\/2023\/01\/cartel-informativo-1024x1449.jpeg 1024w, https:\/\/vreina.smartown.es\/wp-content\/uploads\/2023\/01\/cartel-informativo.jpeg 1131w\" sizes=\"(max-width: 639px) 98vw, (max-width: 1199px) 64vw, 724px\" \/><\/figure>\n","protected":false},"excerpt":{"rendered":"<p>El martes d\u00eda 24 de enero Alfonso Mu\u00f1oz, portavoz de la comisi\u00f3n de seguridad social en el Senado, dar\u00e1 una conferencia sobre la evoluci\u00f3n de las pensiones despu\u00e9s de la subida aprobada por el Gobierno de Espa\u00f1a. La charla est\u00e1 dirigida fundamentalmente a jubiladas\/os en general, pero tambi\u00e9n a j\u00f3venes que quieran saber sobre el [&hellip;]<\/p>\n","protected":false},"author":43,"featured_media":7540,"comment_status":"open","ping_status":"open","sticky":false,"template":"","format":"standard","meta":[],"categories":[1],"tags":[],"_links":{"self":[{"href":"https:\/\/vreina.smartown.es\/SI2API\/wp\/v2\/posts\/7539"}],"collection":[{"href":"https:\/\/vreina.smartown.es\/SI2API\/wp\/v2\/posts"}],"about":[{"href":"https:\/\/vreina.smartown.es\/SI2API\/wp\/v2\/types\/post"}],"author":[{"embeddable":true,"href":"https:\/\/vreina.smartown.es\/SI2API\/wp\/v2\/users\/43"}],"replies":[{"embeddable":true,"href":"https:\/\/vreina.smartown.es\/SI2API\/wp\/v2\/comments?post=7539"}],"version-history":[{"count":1,"href":"https:\/\/vreina.smartown.es\/SI2API\/wp\/v2\/posts\/7539\/revisions"}],"predecessor-version":[{"id":7541,"href":"https:\/\/vreina.smartown.es\/SI2API\/wp\/v2\/posts\/7539\/revisions\/7541"}],"wp:featuredmedia":[{"embeddable":true,"href":"https:\/\/vreina.smartown.es\/SI2API\/wp\/v2\/media\/7540"}],"wp:attachment":[{"href":"https:\/\/vreina.smartown.es\/SI2API\/wp\/v2\/media?parent=7539"}],"wp:term":[{"taxonomy":"category","embeddable":true,"href":"https:\/\/vreina.smartown.es\/SI2API\/wp\/v2\/categories?post=7539"},{"taxonomy":"post_tag","embeddable":true,"href":"https:\/\/vreina.smartown.es\/SI2API\/wp\/v2\/tags?post=7539"}],"curies":[{"name":"wp","href":"https:\/\/api.w.org\/{rel}","templated":true}]}}