{"id":7577,"date":"2023-01-30T08:07:00","date_gmt":"2023-01-30T07:07:00","guid":{"rendered":"https:\/\/vreina.smartown.es\/?p=7577"},"modified":"2023-01-29T11:17:02","modified_gmt":"2023-01-29T10:17:02","slug":"subida-del-85-de-las-pensiones","status":"publish","type":"post","link":"https:\/\/vreina.smartown.es\/subida-del-85-de-las-pensiones\/","title":{"rendered":"SUBIDA DEL 8,5 % DE LAS  PENSIONES"},"content":{"rendered":"\n<p>El senador por C\u00f3rdoba, Alfonso Mu\u00f1oz, dio una charla ante medio centenar de jubilados de la localidad sobre la subida de las pensiones.<\/p>\n\n\n\n<p>Alfonso Mu\u00f1oz es funcionario de carrera del Ministerio de Inclusi\u00f3n, Seguridad Social y Migraciones desde 1991. Desde 2017 dirige el Centro de atenci\u00f3n e informaci\u00f3n de la Seguridad Social de Montoro, aunque actualmente por su cargo de Senador, se encuentra en excedencia.<\/p>\n\n\n\n<figure class=\"wp-block-image size-large\"><img loading=\"lazy\" width=\"1024\" height=\"683\" src=\"https:\/\/vreina.smartown.es\/wp-content\/uploads\/2023\/01\/IMG_0109-1024x683.jpg\" alt=\"\" class=\"wp-image-7578\" srcset=\"https:\/\/vreina.smartown.es\/wp-content\/uploads\/2023\/01\/IMG_0109-1024x683.jpg 1024w, https:\/\/vreina.smartown.es\/wp-content\/uploads\/2023\/01\/IMG_0109-300x200.jpg 300w, https:\/\/vreina.smartown.es\/wp-content\/uploads\/2023\/01\/IMG_0109-768x512.jpg 768w, https:\/\/vreina.smartown.es\/wp-content\/uploads\/2023\/01\/IMG_0109-1536x1024.jpg 1536w, https:\/\/vreina.smartown.es\/wp-content\/uploads\/2023\/01\/IMG_0109-2048x1365.jpg 2048w, https:\/\/vreina.smartown.es\/wp-content\/uploads\/2023\/01\/IMG_0109-640x427.jpg 640w, https:\/\/vreina.smartown.es\/wp-content\/uploads\/2023\/01\/IMG_0109-1200x800.jpg 1200w, https:\/\/vreina.smartown.es\/wp-content\/uploads\/2023\/01\/IMG_0109-1920x1280.jpg 1920w\" sizes=\"(max-width: 639px) 98vw, (max-width: 1199px) 64vw, 770px\" \/><\/figure>\n\n\n\n<p>En el Senado desempe\u00f1a el cargo de Portavoz Socialista de Inclusi\u00f3n y Seguridad Social, y ha planteado varias iniciativas de \u00e1mbito nacional, como la eliminaci\u00f3n de la desprotecci\u00f3n que sufren las parejas de hecho en la pensi\u00f3n de viudedad, y ha sido ponente de la Ley del Ingreso M\u00ednimo Vital, la Ley sobre repartidores de plataformas digitales (llamada Ley Riders), la ley para la garant\u00eda del poder adquisitivo de las pensiones, la Ley de planes de pensiones de empleo o la Ley fondo de compensaci\u00f3n a v\u00edctimas del Amianto.<\/p>\n\n\n\n<p>Alfonso Mu\u00f1\u00f3z, explic\u00f3 que adem\u00e1s de la importante subida del 8,5 %, que ayudar\u00e1 a los pensionistas a afrontar mejor,la dura situaci\u00f3n que estamos viviendo por la crisis del Covid y ahora de la guerra entre Rusia y Ucrania.<\/p>\n\n\n\n<figure class=\"wp-block-image size-large\"><img loading=\"lazy\" width=\"1024\" height=\"683\" src=\"https:\/\/vreina.smartown.es\/wp-content\/uploads\/2023\/01\/IMG_0139-1024x683.jpg\" alt=\"\" class=\"wp-image-7579\" srcset=\"https:\/\/vreina.smartown.es\/wp-content\/uploads\/2023\/01\/IMG_0139-1024x683.jpg 1024w, https:\/\/vreina.smartown.es\/wp-content\/uploads\/2023\/01\/IMG_0139-300x200.jpg 300w, https:\/\/vreina.smartown.es\/wp-content\/uploads\/2023\/01\/IMG_0139-768x512.jpg 768w, https:\/\/vreina.smartown.es\/wp-content\/uploads\/2023\/01\/IMG_0139-1536x1024.jpg 1536w, https:\/\/vreina.smartown.es\/wp-content\/uploads\/2023\/01\/IMG_0139-2048x1365.jpg 2048w, https:\/\/vreina.smartown.es\/wp-content\/uploads\/2023\/01\/IMG_0139-640x427.jpg 640w, https:\/\/vreina.smartown.es\/wp-content\/uploads\/2023\/01\/IMG_0139-1200x800.jpg 1200w, https:\/\/vreina.smartown.es\/wp-content\/uploads\/2023\/01\/IMG_0139-1920x1280.jpg 1920w\" sizes=\"(max-width: 639px) 98vw, (max-width: 1199px) 64vw, 770px\" \/><\/figure>\n\n\n\n<p>Los datos que aport\u00f3 demuestran la repercusi\u00f3n que esa subida tendr\u00e1 en nuestra localidad, con un incremento medio, de 65 euros.<\/p>\n\n\n\n<figure class=\"wp-block-image size-large\"><img loading=\"lazy\" width=\"1024\" height=\"571\" src=\"https:\/\/vreina.smartown.es\/wp-content\/uploads\/2023\/01\/Inversion-en-pensiones-en-Vva-de-la-Reina-1024x571.png\" alt=\"\" class=\"wp-image-7580\" srcset=\"https:\/\/vreina.smartown.es\/wp-content\/uploads\/2023\/01\/Inversion-en-pensiones-en-Vva-de-la-Reina-1024x571.png 1024w, https:\/\/vreina.smartown.es\/wp-content\/uploads\/2023\/01\/Inversion-en-pensiones-en-Vva-de-la-Reina-300x167.png 300w, https:\/\/vreina.smartown.es\/wp-content\/uploads\/2023\/01\/Inversion-en-pensiones-en-Vva-de-la-Reina-768x428.png 768w, https:\/\/vreina.smartown.es\/wp-content\/uploads\/2023\/01\/Inversion-en-pensiones-en-Vva-de-la-Reina-640x357.png 640w, https:\/\/vreina.smartown.es\/wp-content\/uploads\/2023\/01\/Inversion-en-pensiones-en-Vva-de-la-Reina-1200x669.png 1200w, https:\/\/vreina.smartown.es\/wp-content\/uploads\/2023\/01\/Inversion-en-pensiones-en-Vva-de-la-Reina.png 1495w\" sizes=\"(max-width: 639px) 98vw, (max-width: 1199px) 64vw, 770px\" \/><\/figure>\n\n\n\n<p>En Villanueva de la Reina hay 748 pensionistas con una <strong>pensi\u00f3n media de 792 euros al me<\/strong>s, lo que supone que al a\u00f1o, <strong>Villanueva de la Reina recibe 8.299.000 euros<\/strong>, con la nueva subida, <strong>Villanueva de la Reina recibir\u00e1 9.000.000 de euros,<\/strong> que comparado con el presupuesto anual del Ayuntamiento de Vva de la Reina, lo triplica.<\/p>\n","protected":false},"excerpt":{"rendered":"<p>El senador por C\u00f3rdoba, Alfonso Mu\u00f1oz, dio una charla ante medio centenar de jubilados de la localidad sobre la subida de las pensiones. Alfonso Mu\u00f1oz es funcionario de carrera del Ministerio de Inclusi\u00f3n, Seguridad Social y Migraciones desde 1991. Desde 2017 dirige el Centro de atenci\u00f3n e informaci\u00f3n de la Seguridad Social de Montoro, aunque [&hellip;]<\/p>\n","protected":false},"author":43,"featured_media":7579,"comment_status":"open","ping_status":"open","sticky":false,"template":"","format":"standard","meta":[],"categories":[1],"tags":[],"_links":{"self":[{"href":"https:\/\/vreina.smartown.es\/SI2API\/wp\/v2\/posts\/7577"}],"collection":[{"href":"https:\/\/vreina.smartown.es\/SI2API\/wp\/v2\/posts"}],"about":[{"href":"https:\/\/vreina.smartown.es\/SI2API\/wp\/v2\/types\/post"}],"author":[{"embeddable":true,"href":"https:\/\/vreina.smartown.es\/SI2API\/wp\/v2\/users\/43"}],"replies":[{"embeddable":true,"href":"https:\/\/vreina.smartown.es\/SI2API\/wp\/v2\/comments?post=7577"}],"version-history":[{"count":1,"href":"https:\/\/vreina.smartown.es\/SI2API\/wp\/v2\/posts\/7577\/revisions"}],"predecessor-version":[{"id":7581,"href":"https:\/\/vreina.smartown.es\/SI2API\/wp\/v2\/posts\/7577\/revisions\/7581"}],"wp:featuredmedia":[{"embeddable":true,"href":"https:\/\/vreina.smartown.es\/SI2API\/wp\/v2\/media\/7579"}],"wp:attachment":[{"href":"https:\/\/vreina.smartown.es\/SI2API\/wp\/v2\/media?parent=7577"}],"wp:term":[{"taxonomy":"category","embeddable":true,"href":"https:\/\/vreina.smartown.es\/SI2API\/wp\/v2\/categories?post=7577"},{"taxonomy":"post_tag","embeddable":true,"href":"https:\/\/vreina.smartown.es\/SI2API\/wp\/v2\/tags?post=7577"}],"curies":[{"name":"wp","href":"https:\/\/api.w.org\/{rel}","templated":true}]}}