{"id":7658,"date":"2023-03-06T09:45:25","date_gmt":"2023-03-06T08:45:25","guid":{"rendered":"https:\/\/vreina.smartown.es\/?p=7658"},"modified":"2023-07-11T18:16:11","modified_gmt":"2023-07-11T16:16:11","slug":"la-caravana-de-degusta-jaen-visita-villanueva-de-la-reina","status":"publish","type":"post","link":"https:\/\/vreina.smartown.es\/la-caravana-de-degusta-jaen-visita-villanueva-de-la-reina\/","title":{"rendered":"La caravana de Degusta Ja\u00e9n visita Villanueva de la Reina"},"content":{"rendered":"\n<p>Los productos m\u00e1s caracter\u00edsticos y ricos de Ja\u00e9n pasan en la jornada de hoy por la localidad de la mano de la iniciativa gastron\u00f3mica Degusta Ja\u00e9n, que en este 2023 alcanza su d\u00e9cimo aniversario. <\/p>\n\n\n\n<p>La caravana, que de la mano de la Diputaci\u00f3n Provincial llega llena de ricos alimentos jienenses, estar\u00e1 hasta las 12 del mediod\u00eda en Villanueva de la Reina, ofreciendo a los vecinos la posibilidad de probar de manera gratuita los productos m\u00e1s destacados de la provincia, siendo m\u00e1s de 200 empresas alimenticias las adheridas a este sello. <\/p>\n\n\n\n<p>Adem\u00e1s, aquellos que se acerquen a conocer Degusta Ja\u00e9n recibir\u00e1n un boleto con el que podr\u00e1n participar en los sorteos de una serie de lotes que incluyen productos de gran calidad. <\/p>\n\n\n\n<figure class=\"wp-block-image size-full\"><img loading=\"lazy\" width=\"1024\" height=\"768\" src=\"https:\/\/vreina.smartown.es\/wp-content\/uploads\/2023\/03\/WhatsApp-Image-2023-03-06-at-09.23.32.jpeg\" alt=\"\" class=\"wp-image-7659\" srcset=\"https:\/\/vreina.smartown.es\/wp-content\/uploads\/2023\/03\/WhatsApp-Image-2023-03-06-at-09.23.32.jpeg 1024w, https:\/\/vreina.smartown.es\/wp-content\/uploads\/2023\/03\/WhatsApp-Image-2023-03-06-at-09.23.32-300x225.jpeg 300w, https:\/\/vreina.smartown.es\/wp-content\/uploads\/2023\/03\/WhatsApp-Image-2023-03-06-at-09.23.32-768x576.jpeg 768w, https:\/\/vreina.smartown.es\/wp-content\/uploads\/2023\/03\/WhatsApp-Image-2023-03-06-at-09.23.32-640x480.jpeg 640w\" sizes=\"(max-width: 639px) 98vw, (max-width: 1199px) 64vw, 770px\" \/><\/figure>\n","protected":false},"excerpt":{"rendered":"<p>Los productos m\u00e1s caracter\u00edsticos y ricos de Ja\u00e9n pasan en la jornada de hoy por la localidad de la mano de la iniciativa gastron\u00f3mica Degusta Ja\u00e9n, que en este 2023 alcanza su d\u00e9cimo aniversario. La caravana, que de la mano de la Diputaci\u00f3n Provincial llega llena de ricos alimentos jienenses, estar\u00e1 hasta las 12 del [&hellip;]<\/p>\n","protected":false},"author":48,"featured_media":7659,"comment_status":"open","ping_status":"open","sticky":false,"template":"","format":"standard","meta":[],"categories":[1],"tags":[],"_links":{"self":[{"href":"https:\/\/vreina.smartown.es\/SI2API\/wp\/v2\/posts\/7658"}],"collection":[{"href":"https:\/\/vreina.smartown.es\/SI2API\/wp\/v2\/posts"}],"about":[{"href":"https:\/\/vreina.smartown.es\/SI2API\/wp\/v2\/types\/post"}],"author":[{"embeddable":true,"href":"https:\/\/vreina.smartown.es\/SI2API\/wp\/v2\/users\/48"}],"replies":[{"embeddable":true,"href":"https:\/\/vreina.smartown.es\/SI2API\/wp\/v2\/comments?post=7658"}],"version-history":[{"count":2,"href":"https:\/\/vreina.smartown.es\/SI2API\/wp\/v2\/posts\/7658\/revisions"}],"predecessor-version":[{"id":8115,"href":"https:\/\/vreina.smartown.es\/SI2API\/wp\/v2\/posts\/7658\/revisions\/8115"}],"wp:featuredmedia":[{"embeddable":true,"href":"https:\/\/vreina.smartown.es\/SI2API\/wp\/v2\/media\/7659"}],"wp:attachment":[{"href":"https:\/\/vreina.smartown.es\/SI2API\/wp\/v2\/media?parent=7658"}],"wp:term":[{"taxonomy":"category","embeddable":true,"href":"https:\/\/vreina.smartown.es\/SI2API\/wp\/v2\/categories?post=7658"},{"taxonomy":"post_tag","embeddable":true,"href":"https:\/\/vreina.smartown.es\/SI2API\/wp\/v2\/tags?post=7658"}],"curies":[{"name":"wp","href":"https:\/\/api.w.org\/{rel}","templated":true}]}}