{"id":8941,"date":"2023-09-27T14:16:19","date_gmt":"2023-09-27T12:16:19","guid":{"rendered":"https:\/\/vreina.smartown.es\/?p=8941"},"modified":"2023-09-27T14:16:56","modified_gmt":"2023-09-27T12:16:56","slug":"el-antiguo-cuartel-de-la-guardia-civil-ya-es-propiedad-de-todos-los-villanoveros","status":"publish","type":"post","link":"https:\/\/vreina.smartown.es\/el-antiguo-cuartel-de-la-guardia-civil-ya-es-propiedad-de-todos-los-villanoveros\/","title":{"rendered":"El antiguo cuartel de la Guardia Civil ya es propiedad de todos los villanoveros"},"content":{"rendered":"\n<p><strong>El alcalde del municipio, Blas Alves, rubrica en notar\u00eda el t\u00edtulo de publicidad municipal del demandado edificio tras arduas gestiones con el Ministerio del Interior y que culmina un tortuoso periplo administrativo y de tr\u00e1mites legales para conseguir hacerse con un edificio cuyo destino se plante\u00f3 hace a\u00f1os como ampliaci\u00f3n de la residencia de ancianos. <\/strong><\/p>\n\n\n\n<p class=\"has-text-align-left\">Oficialmente el edificio del antiguo cuartel de la Guardia Civil de Villanueva de la Reina ya es de titularidad municipal, y por tanto, propiedad de todos los villanoveros y villanoveras. El alcalde del municipio, Blas Alves, firmaba este martes en la notar\u00eda, el t\u00edtulo que acredita que culmina un complicado proceso que se ha dilatado en el tiempo, por la dificultad administrativa y legal que entra\u00f1a un proceso de este tipo. Para el alcalde, \u00absupone una satisfacci\u00f3n porque muchos municipios, no solo de la provincia de Ja\u00e9n, iniciaron hace a\u00f1os, como nosotros, estas conversaciones, y muchos de ellos abandonaron su intenci\u00f3n por la cantidad de papeleo que supone. Sin embargo, la firmeza de este equipo de gobierno ha propiciado que consigamos este edificio, y que ahora est\u00e9 al servicio de los intereses de nuestro pueblo\u00bb. <\/p>\n\n\n\n<p>El primer edil a\u00f1ade que el tiempo no se para, y \u00abnosotros ya hace meses que tambi\u00e9n de manera paralela iniciamos los estudios y los trabajos previos para que cuando este momento se diera, pudi\u00e9ramos agilizar en la medida de lo posible los tr\u00e1mites necesarios para contar con el cr\u00e9dito que hace falta para su demolici\u00f3n\u00bb. Al mismo tiempo, el equipo de gobierno municipal trabaja con la intenci\u00f3n de encargar lo m\u00e1s pronto posible, el proyecto t\u00e9cnico necesario para incorporar el futuro edificio como ampliaci\u00f3n de la actual residencia de mayores municipal. Alves explica que \u00abten\u00edamos claro el destino de este solar porque la demanda en la residencia es cada vez mayor y el n\u00famero de plazas es imprescindible aumentarlo; de ah\u00ed que hacernos con este edificio, sea un paso muy importante en solucionar esta demanda\u00bb. <\/p>\n\n\n\n<p>Recordemos que la propiedad de este edificio se ha conseguido mediante una permuta con el Ministerio, de tal manera que el Ayuntamiento en su d\u00eda cedi\u00f3 una de las conocidas como \u00abcasas de los maestros\u00bb para el puesto de la Guardia Civil, incluso tras una reforma y una adecuaci\u00f3n para que los agentes pudieran prestar su servicio en un espacio digno. <\/p>\n\n\n\n<p>A partir de ahora tenemos que habilitar cr\u00e9ditos para demolici\u00f3n y empezara un proceso de desarrollar un proyecto y buscar la financiaci\u00f3n para ampliar la residencia de ancianos, algo muy demandado por la necesidad de plazas. <\/p>\n","protected":false},"excerpt":{"rendered":"<p>El alcalde del municipio, Blas Alves, rubrica en notar\u00eda el t\u00edtulo de publicidad municipal del demandado edificio tras arduas gestiones con el Ministerio del Interior y que culmina un tortuoso periplo administrativo y de tr\u00e1mites legales para conseguir hacerse con un edificio cuyo destino se plante\u00f3 hace a\u00f1os como ampliaci\u00f3n de la residencia de ancianos. [&hellip;]<\/p>\n","protected":false},"author":48,"featured_media":8942,"comment_status":"open","ping_status":"open","sticky":false,"template":"","format":"standard","meta":[],"categories":[1],"tags":[],"_links":{"self":[{"href":"https:\/\/vreina.smartown.es\/SI2API\/wp\/v2\/posts\/8941"}],"collection":[{"href":"https:\/\/vreina.smartown.es\/SI2API\/wp\/v2\/posts"}],"about":[{"href":"https:\/\/vreina.smartown.es\/SI2API\/wp\/v2\/types\/post"}],"author":[{"embeddable":true,"href":"https:\/\/vreina.smartown.es\/SI2API\/wp\/v2\/users\/48"}],"replies":[{"embeddable":true,"href":"https:\/\/vreina.smartown.es\/SI2API\/wp\/v2\/comments?post=8941"}],"version-history":[{"count":2,"href":"https:\/\/vreina.smartown.es\/SI2API\/wp\/v2\/posts\/8941\/revisions"}],"predecessor-version":[{"id":8944,"href":"https:\/\/vreina.smartown.es\/SI2API\/wp\/v2\/posts\/8941\/revisions\/8944"}],"wp:featuredmedia":[{"embeddable":true,"href":"https:\/\/vreina.smartown.es\/SI2API\/wp\/v2\/media\/8942"}],"wp:attachment":[{"href":"https:\/\/vreina.smartown.es\/SI2API\/wp\/v2\/media?parent=8941"}],"wp:term":[{"taxonomy":"category","embeddable":true,"href":"https:\/\/vreina.smartown.es\/SI2API\/wp\/v2\/categories?post=8941"},{"taxonomy":"post_tag","embeddable":true,"href":"https:\/\/vreina.smartown.es\/SI2API\/wp\/v2\/tags?post=8941"}],"curies":[{"name":"wp","href":"https:\/\/api.w.org\/{rel}","templated":true}]}}