{"id":8973,"date":"2023-10-17T08:12:45","date_gmt":"2023-10-17T06:12:45","guid":{"rendered":"https:\/\/vreina.smartown.es\/?p=8973"},"modified":"2023-10-17T08:12:46","modified_gmt":"2023-10-17T06:12:46","slug":"un-grupo-de-expertos-se-reunen-para-rescatar-el-antiguo-camino-mozarabe-que-va-a-santiago","status":"publish","type":"post","link":"https:\/\/vreina.smartown.es\/un-grupo-de-expertos-se-reunen-para-rescatar-el-antiguo-camino-mozarabe-que-va-a-santiago\/","title":{"rendered":"UN GRUPO DE EXPERTOS SE REUNEN PARA RESCATAR EL ANTIGUO CAMINO MOZARABE QUE VA A SANTIAGO."},"content":{"rendered":"\n<p>Desde tiempos muy lejanos, muchos han sido los caminos que llevaban a los peregrinos hasta Santiago de Compostela, uno de ellos pasaba por el termino de Villanueva de la Reina<\/p>\n\n\n\n<p>Durante la ma\u00f1ana del s\u00e1bado, se han dado cita en el ayuntamiento de Villanueva de la Reina, el presidente de la asociaci\u00f3n ecuestre \u00abTercio de los caminos de los Peregrinos\u00bb Alfonso Villa, y varios de sus miembros, (entre los que se encuentran dos villanoveros Jes\u00fas J\u00e1ndula y Carlos Pulido), el director del parque natural de Sierra de And\u00fajar, Mario Pulido, el investigador Jos\u00e9 del Moral, (padre e hijo) y el profesor Gregorio Guti\u00e9rrez, junto al alcalde villanovero, Blas&nbsp; Alves, para llevar a cabo un trabajo de investigaci\u00f3n y rescatar el antiguo trazado moz\u00e1rabe que llevaba a los peregrinos desde la Sierra de Cazorla, concretamente desde el santuario de la Virgen de Tiscar, hasta Santiago de Compostela, pasando por Villanueva de la Reina, camino de la Virgen de la Cabeza, hacia Extremadura y all\u00ed conectar con la v\u00eda de La Plata hasta Santiago.<\/p>\n\n\n\n<p>Han celebrado esta jornada de trabajo para estudiar la recuperaci\u00f3n de esta v\u00eda, que fue tan importante anta\u00f1o como los es en nuestros d\u00edas. Durante el a\u00f1o 2022 se han contabilizado m\u00e1s de 439.000 personas realizando el camino de Santiago.<\/p>\n\n\n\n<p>El objetivo de este equipo de trabajo es volver a poner en uso esta v\u00eda, utilizada en tiempos de los moz\u00e1rabes, en los itinerarios&nbsp; del Camino de Santiago.<\/p>\n\n\n\n<figure class=\"wp-block-image size-large\"><img loading=\"lazy\" width=\"2016\" height=\"1512\" src=\"https:\/\/vreina.smartown.es\/wp-content\/uploads\/2023\/10\/8-1024x768.jpg\" alt=\"\" class=\"wp-image-8974\" srcset=\"https:\/\/vreina.smartown.es\/wp-content\/uploads\/2023\/10\/8-1024x768.jpg 1024w, https:\/\/vreina.smartown.es\/wp-content\/uploads\/2023\/10\/8-300x225.jpg 300w, https:\/\/vreina.smartown.es\/wp-content\/uploads\/2023\/10\/8-768x576.jpg 768w, https:\/\/vreina.smartown.es\/wp-content\/uploads\/2023\/10\/8-1536x1152.jpg 1536w, https:\/\/vreina.smartown.es\/wp-content\/uploads\/2023\/10\/8-640x480.jpg 640w, https:\/\/vreina.smartown.es\/wp-content\/uploads\/2023\/10\/8-1200x900.jpg 1200w, https:\/\/vreina.smartown.es\/wp-content\/uploads\/2023\/10\/8-1920x1440.jpg 1920w, https:\/\/vreina.smartown.es\/wp-content\/uploads\/2023\/10\/8.jpg 2016w\" sizes=\"(max-width: 639px) 98vw, (max-width: 1199px) 64vw, 770px\" \/><\/figure>\n\n\n\n<figure class=\"wp-block-image size-full\"><img loading=\"lazy\" width=\"950\" height=\"800\" src=\"https:\/\/vreina.smartown.es\/wp-content\/uploads\/2023\/10\/mapa-camino.jpg\" alt=\"\" class=\"wp-image-8975\" srcset=\"https:\/\/vreina.smartown.es\/wp-content\/uploads\/2023\/10\/mapa-camino.jpg 950w, https:\/\/vreina.smartown.es\/wp-content\/uploads\/2023\/10\/mapa-camino-300x253.jpg 300w, https:\/\/vreina.smartown.es\/wp-content\/uploads\/2023\/10\/mapa-camino-768x647.jpg 768w, https:\/\/vreina.smartown.es\/wp-content\/uploads\/2023\/10\/mapa-camino-640x539.jpg 640w\" sizes=\"(max-width: 639px) 98vw, (max-width: 1199px) 64vw, 770px\" \/><\/figure>\n\n\n\n<figure class=\"wp-block-image size-large\"><img loading=\"lazy\" width=\"1024\" height=\"768\" src=\"https:\/\/vreina.smartown.es\/wp-content\/uploads\/2023\/10\/5-1024x768.jpg\" alt=\"\" class=\"wp-image-8977\" srcset=\"https:\/\/vreina.smartown.es\/wp-content\/uploads\/2023\/10\/5-1024x768.jpg 1024w, https:\/\/vreina.smartown.es\/wp-content\/uploads\/2023\/10\/5-300x225.jpg 300w, https:\/\/vreina.smartown.es\/wp-content\/uploads\/2023\/10\/5-768x576.jpg 768w, https:\/\/vreina.smartown.es\/wp-content\/uploads\/2023\/10\/5-1536x1152.jpg 1536w, https:\/\/vreina.smartown.es\/wp-content\/uploads\/2023\/10\/5-640x480.jpg 640w, https:\/\/vreina.smartown.es\/wp-content\/uploads\/2023\/10\/5-1200x900.jpg 1200w, https:\/\/vreina.smartown.es\/wp-content\/uploads\/2023\/10\/5-1920x1440.jpg 1920w, https:\/\/vreina.smartown.es\/wp-content\/uploads\/2023\/10\/5.jpg 2016w\" sizes=\"(max-width: 639px) 98vw, (max-width: 1199px) 64vw, 770px\" \/><\/figure>\n\n\n\n<figure class=\"wp-block-image size-large\"><img loading=\"lazy\" width=\"1024\" height=\"768\" src=\"https:\/\/vreina.smartown.es\/wp-content\/uploads\/2023\/10\/2-1024x768.jpg\" alt=\"\" class=\"wp-image-8979\" srcset=\"https:\/\/vreina.smartown.es\/wp-content\/uploads\/2023\/10\/2-1024x768.jpg 1024w, https:\/\/vreina.smartown.es\/wp-content\/uploads\/2023\/10\/2-300x225.jpg 300w, https:\/\/vreina.smartown.es\/wp-content\/uploads\/2023\/10\/2-768x576.jpg 768w, https:\/\/vreina.smartown.es\/wp-content\/uploads\/2023\/10\/2-1536x1152.jpg 1536w, https:\/\/vreina.smartown.es\/wp-content\/uploads\/2023\/10\/2-640x480.jpg 640w, https:\/\/vreina.smartown.es\/wp-content\/uploads\/2023\/10\/2-1200x900.jpg 1200w, https:\/\/vreina.smartown.es\/wp-content\/uploads\/2023\/10\/2-1920x1440.jpg 1920w, https:\/\/vreina.smartown.es\/wp-content\/uploads\/2023\/10\/2.jpg 2016w\" sizes=\"(max-width: 639px) 98vw, (max-width: 1199px) 64vw, 770px\" \/><\/figure>\n\n\n\n<figure class=\"wp-block-image size-large\"><img loading=\"lazy\" width=\"1024\" height=\"768\" src=\"https:\/\/vreina.smartown.es\/wp-content\/uploads\/2023\/10\/1-1024x768.jpg\" alt=\"\" class=\"wp-image-8978\" srcset=\"https:\/\/vreina.smartown.es\/wp-content\/uploads\/2023\/10\/1-1024x768.jpg 1024w, https:\/\/vreina.smartown.es\/wp-content\/uploads\/2023\/10\/1-300x225.jpg 300w, https:\/\/vreina.smartown.es\/wp-content\/uploads\/2023\/10\/1-768x576.jpg 768w, https:\/\/vreina.smartown.es\/wp-content\/uploads\/2023\/10\/1-1536x1152.jpg 1536w, https:\/\/vreina.smartown.es\/wp-content\/uploads\/2023\/10\/1-640x480.jpg 640w, https:\/\/vreina.smartown.es\/wp-content\/uploads\/2023\/10\/1-1200x900.jpg 1200w, https:\/\/vreina.smartown.es\/wp-content\/uploads\/2023\/10\/1-1920x1440.jpg 1920w, https:\/\/vreina.smartown.es\/wp-content\/uploads\/2023\/10\/1.jpg 2016w\" sizes=\"(max-width: 639px) 98vw, (max-width: 1199px) 64vw, 770px\" \/><\/figure>\n","protected":false},"excerpt":{"rendered":"<p>Desde tiempos muy lejanos, muchos han sido los caminos que llevaban a los peregrinos hasta Santiago de Compostela, uno de ellos pasaba por el termino de Villanueva de la Reina Durante la ma\u00f1ana del s\u00e1bado, se han dado cita en el ayuntamiento de Villanueva de la Reina, el presidente de la asociaci\u00f3n ecuestre \u00abTercio de [&hellip;]<\/p>\n","protected":false},"author":43,"featured_media":8974,"comment_status":"open","ping_status":"open","sticky":false,"template":"","format":"standard","meta":[],"categories":[1],"tags":[],"_links":{"self":[{"href":"https:\/\/vreina.smartown.es\/SI2API\/wp\/v2\/posts\/8973"}],"collection":[{"href":"https:\/\/vreina.smartown.es\/SI2API\/wp\/v2\/posts"}],"about":[{"href":"https:\/\/vreina.smartown.es\/SI2API\/wp\/v2\/types\/post"}],"author":[{"embeddable":true,"href":"https:\/\/vreina.smartown.es\/SI2API\/wp\/v2\/users\/43"}],"replies":[{"embeddable":true,"href":"https:\/\/vreina.smartown.es\/SI2API\/wp\/v2\/comments?post=8973"}],"version-history":[{"count":2,"href":"https:\/\/vreina.smartown.es\/SI2API\/wp\/v2\/posts\/8973\/revisions"}],"predecessor-version":[{"id":8985,"href":"https:\/\/vreina.smartown.es\/SI2API\/wp\/v2\/posts\/8973\/revisions\/8985"}],"wp:featuredmedia":[{"embeddable":true,"href":"https:\/\/vreina.smartown.es\/SI2API\/wp\/v2\/media\/8974"}],"wp:attachment":[{"href":"https:\/\/vreina.smartown.es\/SI2API\/wp\/v2\/media?parent=8973"}],"wp:term":[{"taxonomy":"category","embeddable":true,"href":"https:\/\/vreina.smartown.es\/SI2API\/wp\/v2\/categories?post=8973"},{"taxonomy":"post_tag","embeddable":true,"href":"https:\/\/vreina.smartown.es\/SI2API\/wp\/v2\/tags?post=8973"}],"curies":[{"name":"wp","href":"https:\/\/api.w.org\/{rel}","templated":true}]}}