{"id":9060,"date":"2023-11-19T08:07:00","date_gmt":"2023-11-19T07:07:00","guid":{"rendered":"https:\/\/vreina.smartown.es\/?p=9060"},"modified":"2023-11-18T09:52:11","modified_gmt":"2023-11-18T08:52:11","slug":"la-subdelegada-del-gobierno-preside-la-junta-de-seguridad-en-villanueva-de-la-reina","status":"publish","type":"post","link":"https:\/\/vreina.smartown.es\/la-subdelegada-del-gobierno-preside-la-junta-de-seguridad-en-villanueva-de-la-reina\/","title":{"rendered":"LA SUBDELEGADA DEL GOBIERNO PRESIDE LA JUNTA DE SEGURIDAD EN VILLANUEVA DE LA REINA"},"content":{"rendered":"\n<p>La subdelegada del Gobierno de Espa\u00f1a en Ja\u00e9n, Catalina Madue\u00f1o, ha presidido este viernes junto al alcalde, Blas Alves, la reuni\u00f3n de la Junta Local de Seguridad de Villanueva de la Reina para analizar y valorar la seguridad del municipio.<\/p>\n\n\n\n<p>En la reuni\u00f3n, en la que tambi\u00e9n se ha tratado la situaci\u00f3n la localidad durante la campa\u00f1a de recolecci\u00f3n de la aceituna, han participado el teniente coronel jefe de la Comandancia de la Guardia Civil en Ja\u00e9n, Francisco Lozano, mandos de la Benem\u00e9rita en la zona, y la Polic\u00eda Local.<\/p>\n\n\n\n<p>La representante del Ejecutivo ha asegurado que \u201clos datos demuestran que Villanueva de la Reina es un municipio tranquilo y seguro. La tasa de criminalidad en el municipio se sit\u00faa muy por debajo de la media nacional, lo que se traduce en una mayor tranquilidad para los vecinos y vecinas\u201d.<\/p>\n\n\n\n<p><strong>CAMPA\u00d1A DE RECOLECCI\u00d3N DE ACEITUNA.<\/strong><\/p>\n\n\n\n<p>La Junta Local de Seguridad se ha reunido con el objetivo de poner en marcha una serie de medidas que garanticen la seguridad ciudadana para que la campa\u00f1a de recolecci\u00f3n de la aceituna se desarrolle con la m\u00e1xima normalidad posible.<\/p>\n\n\n\n<p>La subdelegada ha puesto en valor el trabajo y la eficacia de la Guardia Civil y ha recordado que el dispositivo de seguridad de la Guardia Civil en la provincia prev\u00e9 la realizaci\u00f3n de labores de prevenci\u00f3n, con un incremento de la vigilancia en el los tajos y en los lugares de compra, y tambi\u00e9n de investigaci\u00f3n, a trav\u00e9s de las unidades de Polic\u00eda Judicial, del Seprona y de los seis equipos espec\u00edficos ROCA, ubicados en Baeza, Martos, Ja\u00e9n, La Carolina, And\u00fajar y Beas de Segura, que trabajan en la provincia y que est\u00e1n dise\u00f1ados para combatir espec\u00edficamente esta actividad delictiva.<\/p>\n\n\n\n<div class=\"wp-block-file\"><object class=\"wp-block-file__embed\" data=\"https:\/\/vreina.smartown.es\/wp-content\/uploads\/2023\/11\/DOC-20231016-WA0020..pdf\" type=\"application\/pdf\" style=\"width:100%;height:600px\" aria-label=\"Incrustado de CONSEJOS DE AUTOPROTECCION CONTRA ROBOS DE ACEITUNA..\"><\/object><a id=\"wp-block-file--media-ba31f40e-7c7e-4af1-a896-95d506132b80\" href=\"https:\/\/vreina.smartown.es\/wp-content\/uploads\/2023\/11\/DOC-20231016-WA0020..pdf\">CONSEJOS DE AUTOPROTECCION CONTRA ROBOS DE ACEITUNA.<\/a><a href=\"https:\/\/vreina.smartown.es\/wp-content\/uploads\/2023\/11\/DOC-20231016-WA0020..pdf\" class=\"wp-block-file__button\" download aria-describedby=\"wp-block-file--media-ba31f40e-7c7e-4af1-a896-95d506132b80\">Descarga<\/a><\/div>\n\n\n\n<div class=\"wp-block-file\"><object class=\"wp-block-file__embed\" data=\"https:\/\/vreina.smartown.es\/wp-content\/uploads\/2023\/11\/Campana-recogida-aceituna-2023-24-PN.pdf\" type=\"application\/pdf\" style=\"width:100%;height:600px\" aria-label=\"Incrustado de Recomendaciones para contrataci\u00f3n ciudadanos extranjeros durante la campa\u00f1a de aceituna.\"><\/object><a id=\"wp-block-file--media-baf6e47d-b5d0-4604-b66a-2c7561173fe6\" href=\"https:\/\/vreina.smartown.es\/wp-content\/uploads\/2023\/11\/Campana-recogida-aceituna-2023-24-PN.pdf\">Recomendaciones para contrataci\u00f3n ciudadanos extranjeros durante la campa\u00f1a de aceituna<\/a><a href=\"https:\/\/vreina.smartown.es\/wp-content\/uploads\/2023\/11\/Campana-recogida-aceituna-2023-24-PN.pdf\" class=\"wp-block-file__button\" download aria-describedby=\"wp-block-file--media-baf6e47d-b5d0-4604-b66a-2c7561173fe6\">Descarga<\/a><\/div>\n\n\n\n<p>Informaci\u00f3n, prevenci\u00f3n y coordinaci\u00f3n, son parte de las claves, junto a los medios tecnol\u00f3gicos que incorporan para el servicio de vigilancia y control, para el control desde el aire, la Guardia Civil ha incorporado un helic\u00f3ptero dotado con tecnolog\u00eda de visi\u00f3n nocturna y c\u00e1mara t\u00e9rmica, as\u00ed como varios drones, que, a parte de los referidos sistemas, disponen de vuelo silencioso y programaci\u00f3n por coordenadas, que permitir\u00e1 realizar barridos de grandes extensiones de terreno, as\u00ed como de dif\u00edcil acceso, y regresar a base con todas las im\u00e1genes recogidas.<\/p>\n\n\n\n<figure class=\"wp-block-video\"><video controls src=\"https:\/\/vreina.smartown.es\/wp-content\/uploads\/2023\/11\/WhatsApp-Video-2023-11-17-at-11.50.55.mp4\"><\/video><figcaption>Dispositivo campa\u00f1a aceituna 2023\/24<\/figcaption><\/figure>\n\n\n\n<p>Otro de los temas que se han tratado ha sido el aumento de la ocupaci\u00f3n por la fuerza de viviendas deshabitadas, el teniente coronel , Francisco Lozano, ha destacado que es un fen\u00f3meno generalizado, y pide a la ciudadan\u00eda que se lleve a cabo una denuncia inmediata por propietarios o vecinos, para que se pueda responder con la m\u00e1xima celeridad, al tiempo que recomienda una revisi\u00f3n de la vivienda deshabitada de manera frecuente. <\/p>\n\n\n\n<figure class=\"wp-block-image size-large\"><img loading=\"lazy\" width=\"1024\" height=\"768\" src=\"https:\/\/vreina.smartown.es\/wp-content\/uploads\/2023\/11\/IMG_2889-1024x768.jpg\" alt=\"\" class=\"wp-image-9062\" srcset=\"https:\/\/vreina.smartown.es\/wp-content\/uploads\/2023\/11\/IMG_2889-1024x768.jpg 1024w, https:\/\/vreina.smartown.es\/wp-content\/uploads\/2023\/11\/IMG_2889-300x225.jpg 300w, https:\/\/vreina.smartown.es\/wp-content\/uploads\/2023\/11\/IMG_2889-768x576.jpg 768w, https:\/\/vreina.smartown.es\/wp-content\/uploads\/2023\/11\/IMG_2889-1536x1152.jpg 1536w, https:\/\/vreina.smartown.es\/wp-content\/uploads\/2023\/11\/IMG_2889-640x480.jpg 640w, https:\/\/vreina.smartown.es\/wp-content\/uploads\/2023\/11\/IMG_2889-1200x900.jpg 1200w, https:\/\/vreina.smartown.es\/wp-content\/uploads\/2023\/11\/IMG_2889-1920x1440.jpg 1920w, https:\/\/vreina.smartown.es\/wp-content\/uploads\/2023\/11\/IMG_2889.jpg 2016w\" sizes=\"(max-width: 639px) 98vw, (max-width: 1199px) 64vw, 770px\" \/><\/figure>\n\n\n\n<figure class=\"wp-block-image size-large\"><img loading=\"lazy\" width=\"1024\" height=\"768\" src=\"https:\/\/vreina.smartown.es\/wp-content\/uploads\/2023\/11\/IMG_2891-1024x768.jpg\" alt=\"\" class=\"wp-image-9063\" srcset=\"https:\/\/vreina.smartown.es\/wp-content\/uploads\/2023\/11\/IMG_2891-1024x768.jpg 1024w, https:\/\/vreina.smartown.es\/wp-content\/uploads\/2023\/11\/IMG_2891-300x225.jpg 300w, https:\/\/vreina.smartown.es\/wp-content\/uploads\/2023\/11\/IMG_2891-768x576.jpg 768w, https:\/\/vreina.smartown.es\/wp-content\/uploads\/2023\/11\/IMG_2891-1536x1152.jpg 1536w, https:\/\/vreina.smartown.es\/wp-content\/uploads\/2023\/11\/IMG_2891-640x480.jpg 640w, https:\/\/vreina.smartown.es\/wp-content\/uploads\/2023\/11\/IMG_2891-1200x900.jpg 1200w, https:\/\/vreina.smartown.es\/wp-content\/uploads\/2023\/11\/IMG_2891-1920x1440.jpg 1920w, https:\/\/vreina.smartown.es\/wp-content\/uploads\/2023\/11\/IMG_2891.jpg 2016w\" sizes=\"(max-width: 639px) 98vw, (max-width: 1199px) 64vw, 770px\" \/><\/figure>\n\n\n\n<figure class=\"wp-block-image size-large\"><img loading=\"lazy\" width=\"1024\" height=\"768\" src=\"https:\/\/vreina.smartown.es\/wp-content\/uploads\/2023\/11\/IMG_2893-1024x768.jpg\" alt=\"\" class=\"wp-image-9065\" srcset=\"https:\/\/vreina.smartown.es\/wp-content\/uploads\/2023\/11\/IMG_2893-1024x768.jpg 1024w, https:\/\/vreina.smartown.es\/wp-content\/uploads\/2023\/11\/IMG_2893-300x225.jpg 300w, https:\/\/vreina.smartown.es\/wp-content\/uploads\/2023\/11\/IMG_2893-768x576.jpg 768w, https:\/\/vreina.smartown.es\/wp-content\/uploads\/2023\/11\/IMG_2893-1536x1152.jpg 1536w, https:\/\/vreina.smartown.es\/wp-content\/uploads\/2023\/11\/IMG_2893-640x480.jpg 640w, https:\/\/vreina.smartown.es\/wp-content\/uploads\/2023\/11\/IMG_2893-1200x900.jpg 1200w, https:\/\/vreina.smartown.es\/wp-content\/uploads\/2023\/11\/IMG_2893-1920x1440.jpg 1920w, https:\/\/vreina.smartown.es\/wp-content\/uploads\/2023\/11\/IMG_2893.jpg 2016w\" sizes=\"(max-width: 639px) 98vw, (max-width: 1199px) 64vw, 770px\" \/><\/figure>\n","protected":false},"excerpt":{"rendered":"<p>La subdelegada del Gobierno de Espa\u00f1a en Ja\u00e9n, Catalina Madue\u00f1o, ha presidido este viernes junto al alcalde, Blas Alves, la reuni\u00f3n de la Junta Local de Seguridad de Villanueva de la Reina para analizar y valorar la seguridad del municipio. En la reuni\u00f3n, en la que tambi\u00e9n se ha tratado la situaci\u00f3n la localidad durante [&hellip;]<\/p>\n","protected":false},"author":43,"featured_media":9061,"comment_status":"open","ping_status":"open","sticky":false,"template":"","format":"standard","meta":[],"categories":[1],"tags":[],"_links":{"self":[{"href":"https:\/\/vreina.smartown.es\/SI2API\/wp\/v2\/posts\/9060"}],"collection":[{"href":"https:\/\/vreina.smartown.es\/SI2API\/wp\/v2\/posts"}],"about":[{"href":"https:\/\/vreina.smartown.es\/SI2API\/wp\/v2\/types\/post"}],"author":[{"embeddable":true,"href":"https:\/\/vreina.smartown.es\/SI2API\/wp\/v2\/users\/43"}],"replies":[{"embeddable":true,"href":"https:\/\/vreina.smartown.es\/SI2API\/wp\/v2\/comments?post=9060"}],"version-history":[{"count":2,"href":"https:\/\/vreina.smartown.es\/SI2API\/wp\/v2\/posts\/9060\/revisions"}],"predecessor-version":[{"id":9077,"href":"https:\/\/vreina.smartown.es\/SI2API\/wp\/v2\/posts\/9060\/revisions\/9077"}],"wp:featuredmedia":[{"embeddable":true,"href":"https:\/\/vreina.smartown.es\/SI2API\/wp\/v2\/media\/9061"}],"wp:attachment":[{"href":"https:\/\/vreina.smartown.es\/SI2API\/wp\/v2\/media?parent=9060"}],"wp:term":[{"taxonomy":"category","embeddable":true,"href":"https:\/\/vreina.smartown.es\/SI2API\/wp\/v2\/categories?post=9060"},{"taxonomy":"post_tag","embeddable":true,"href":"https:\/\/vreina.smartown.es\/SI2API\/wp\/v2\/tags?post=9060"}],"curies":[{"name":"wp","href":"https:\/\/api.w.org\/{rel}","templated":true}]}}