{"id":9127,"date":"2023-11-29T09:46:21","date_gmt":"2023-11-29T08:46:21","guid":{"rendered":"https:\/\/vreina.smartown.es\/?p=9127"},"modified":"2023-11-30T19:13:33","modified_gmt":"2023-11-30T18:13:33","slug":"navidad-2023","status":"publish","type":"post","link":"https:\/\/vreina.smartown.es\/navidad-2023\/","title":{"rendered":"NAVIDAD 2023"},"content":{"rendered":"\n<p>PROGRAMA DE NAVIDAD<\/p>\n\n\n\n<p>El equipo de gobierno del Ayuntamiento de Villanueva de la Reina ha elaborado un programa cargado de tradici\u00f3n, diversi\u00f3n y esp\u00edritu navide\u00f1o tanto para disfrute de las villanoveras y villanoveros que residen aqu\u00ed como para los familiares y amigos que nos visitan en esta \u00e9poca.<\/p>\n\n\n\n<p>Desde la corporaci\u00f3n municipal os deseamos unas Felices Fiestas y una Pr\u00f3spera entrada de a\u00f1o con nuestros mejores deseos.<\/p>\n\n\n\n<p>\u00a1\u00a1FELIZ NAVIDAD!!<\/p>\n\n\n\n<div class=\"wp-block-file\"><object class=\"wp-block-file__embed\" data=\"https:\/\/vreina.smartown.es\/wp-content\/uploads\/2023\/11\/PROGRAMA-NAVIDAD-2023.pdf\" type=\"application\/pdf\" style=\"width:100%;height:600px\" aria-label=\"Incrustado de PROGRAMA-NAVIDAD-2023.\"><\/object><a id=\"wp-block-file--media-70ffd0d0-d22c-4239-a751-2a4e1185db63\" href=\"https:\/\/vreina.smartown.es\/wp-content\/uploads\/2023\/11\/PROGRAMA-NAVIDAD-2023.pdf\">PROGRAMA-NAVIDAD-2023<\/a><a href=\"https:\/\/vreina.smartown.es\/wp-content\/uploads\/2023\/11\/PROGRAMA-NAVIDAD-2023.pdf\" class=\"wp-block-file__button\" download aria-describedby=\"wp-block-file--media-70ffd0d0-d22c-4239-a751-2a4e1185db63\">Descarga<\/a><\/div>\n","protected":false},"excerpt":{"rendered":"<p>PROGRAMA DE NAVIDAD El equipo de gobierno del Ayuntamiento de Villanueva de la Reina ha elaborado un programa cargado de tradici\u00f3n, diversi\u00f3n y esp\u00edritu navide\u00f1o tanto para disfrute de las villanoveras y villanoveros que residen aqu\u00ed como para los familiares y amigos que nos visitan en esta \u00e9poca. Desde la corporaci\u00f3n municipal os deseamos unas [&hellip;]<\/p>\n","protected":false},"author":54,"featured_media":9131,"comment_status":"open","ping_status":"open","sticky":false,"template":"","format":"standard","meta":[],"categories":[1],"tags":[],"_links":{"self":[{"href":"https:\/\/vreina.smartown.es\/SI2API\/wp\/v2\/posts\/9127"}],"collection":[{"href":"https:\/\/vreina.smartown.es\/SI2API\/wp\/v2\/posts"}],"about":[{"href":"https:\/\/vreina.smartown.es\/SI2API\/wp\/v2\/types\/post"}],"author":[{"embeddable":true,"href":"https:\/\/vreina.smartown.es\/SI2API\/wp\/v2\/users\/54"}],"replies":[{"embeddable":true,"href":"https:\/\/vreina.smartown.es\/SI2API\/wp\/v2\/comments?post=9127"}],"version-history":[{"count":2,"href":"https:\/\/vreina.smartown.es\/SI2API\/wp\/v2\/posts\/9127\/revisions"}],"predecessor-version":[{"id":9141,"href":"https:\/\/vreina.smartown.es\/SI2API\/wp\/v2\/posts\/9127\/revisions\/9141"}],"wp:featuredmedia":[{"embeddable":true,"href":"https:\/\/vreina.smartown.es\/SI2API\/wp\/v2\/media\/9131"}],"wp:attachment":[{"href":"https:\/\/vreina.smartown.es\/SI2API\/wp\/v2\/media?parent=9127"}],"wp:term":[{"taxonomy":"category","embeddable":true,"href":"https:\/\/vreina.smartown.es\/SI2API\/wp\/v2\/categories?post=9127"},{"taxonomy":"post_tag","embeddable":true,"href":"https:\/\/vreina.smartown.es\/SI2API\/wp\/v2\/tags?post=9127"}],"curies":[{"name":"wp","href":"https:\/\/api.w.org\/{rel}","templated":true}]}}