{"id":9167,"date":"2023-12-03T19:30:00","date_gmt":"2023-12-03T18:30:00","guid":{"rendered":"https:\/\/vreina.smartown.es\/?p=9167"},"modified":"2023-12-03T19:39:46","modified_gmt":"2023-12-03T18:39:46","slug":"clausura-del-circuito-flamenco-por-las-penas","status":"publish","type":"post","link":"https:\/\/vreina.smartown.es\/clausura-del-circuito-flamenco-por-las-penas\/","title":{"rendered":"CLAUSURA DEL XIV CIRCUITO FLAMENCO POR LAS PE\u00d1AS"},"content":{"rendered":"\n<p>Ayer s\u00e1bado, d\u00eda 2 de Diciembre, se clausuro el XIV circuito de Flamenco por las Pe\u00f1as en la sede de la Pe\u00f1a flamenca El Olivo del Cante.<\/p>\n\n\n\n<p>La Diputaci\u00f3n Provincial de Ja\u00e9n y el ayuntamiento de Villanueva de la Reina vienen apostando por el flamenco con la financiaci\u00f3n de distintos programas, en este caso es la propia diputaci\u00f3n la que ha hecho posible un a\u00f1o mas el circuito de Flamenco por las Pe\u00f1as que se ha clausurado en nuestra localidad con una gran actuaci\u00f3n que ha hecho disfrutar al publico que abarrotaba la sala.<\/p>\n\n\n\n<p>Los artistas de la noche, Alba Martos, al cante, y Blas Mora a la guitarra y Carmen Catena al baile, una actuaci\u00f3n brillante para una noche de clausura.<\/p>\n\n\n\n<p>En el acto de clausura estuvo presente la diputada provincial \u00c1frica Colomo y el director del \u00e1rea de cultura, Arturo Guti\u00e9rrez de Ter\u00e1n, y el presidente de la Federaci\u00f3n de Pe\u00f1as, Paco Viedma,  junto al alcalde Blas Alves y el concejal de cultura, Jos\u00e9 Maria Chica.<\/p>\n\n\n\n<figure class=\"wp-block-image size-large\"><img loading=\"lazy\" width=\"1024\" height=\"768\" src=\"https:\/\/vreina.smartown.es\/wp-content\/uploads\/2023\/12\/TDFP9307-1024x768.jpg\" alt=\"\" class=\"wp-image-9172\" srcset=\"https:\/\/vreina.smartown.es\/wp-content\/uploads\/2023\/12\/TDFP9307-1024x768.jpg 1024w, https:\/\/vreina.smartown.es\/wp-content\/uploads\/2023\/12\/TDFP9307-300x225.jpg 300w, https:\/\/vreina.smartown.es\/wp-content\/uploads\/2023\/12\/TDFP9307-768x576.jpg 768w, https:\/\/vreina.smartown.es\/wp-content\/uploads\/2023\/12\/TDFP9307-1536x1152.jpg 1536w, https:\/\/vreina.smartown.es\/wp-content\/uploads\/2023\/12\/TDFP9307-640x480.jpg 640w, https:\/\/vreina.smartown.es\/wp-content\/uploads\/2023\/12\/TDFP9307-1200x900.jpg 1200w, https:\/\/vreina.smartown.es\/wp-content\/uploads\/2023\/12\/TDFP9307-1920x1440.jpg 1920w, https:\/\/vreina.smartown.es\/wp-content\/uploads\/2023\/12\/TDFP9307.jpg 2048w\" sizes=\"(max-width: 639px) 98vw, (max-width: 1199px) 64vw, 770px\" \/><\/figure>\n\n\n\n<figure class=\"wp-block-image size-large\"><img loading=\"lazy\" width=\"1024\" height=\"768\" src=\"https:\/\/vreina.smartown.es\/wp-content\/uploads\/2023\/12\/IMG_3231-1024x768.jpg\" alt=\"\" class=\"wp-image-9170\" srcset=\"https:\/\/vreina.smartown.es\/wp-content\/uploads\/2023\/12\/IMG_3231-1024x768.jpg 1024w, https:\/\/vreina.smartown.es\/wp-content\/uploads\/2023\/12\/IMG_3231-300x225.jpg 300w, https:\/\/vreina.smartown.es\/wp-content\/uploads\/2023\/12\/IMG_3231-768x576.jpg 768w, https:\/\/vreina.smartown.es\/wp-content\/uploads\/2023\/12\/IMG_3231-1536x1152.jpg 1536w, https:\/\/vreina.smartown.es\/wp-content\/uploads\/2023\/12\/IMG_3231-2048x1536.jpg 2048w, https:\/\/vreina.smartown.es\/wp-content\/uploads\/2023\/12\/IMG_3231-640x480.jpg 640w, https:\/\/vreina.smartown.es\/wp-content\/uploads\/2023\/12\/IMG_3231-1200x900.jpg 1200w, https:\/\/vreina.smartown.es\/wp-content\/uploads\/2023\/12\/IMG_3231-1920x1440.jpg 1920w\" sizes=\"(max-width: 639px) 98vw, (max-width: 1199px) 64vw, 770px\" \/><\/figure>\n\n\n\n<figure class=\"wp-block-image size-large\"><img loading=\"lazy\" width=\"1024\" height=\"768\" src=\"https:\/\/vreina.smartown.es\/wp-content\/uploads\/2023\/12\/IMG_3236-1024x768.jpg\" alt=\"\" class=\"wp-image-9171\" srcset=\"https:\/\/vreina.smartown.es\/wp-content\/uploads\/2023\/12\/IMG_3236-1024x768.jpg 1024w, https:\/\/vreina.smartown.es\/wp-content\/uploads\/2023\/12\/IMG_3236-300x225.jpg 300w, https:\/\/vreina.smartown.es\/wp-content\/uploads\/2023\/12\/IMG_3236-768x576.jpg 768w, https:\/\/vreina.smartown.es\/wp-content\/uploads\/2023\/12\/IMG_3236-1536x1152.jpg 1536w, https:\/\/vreina.smartown.es\/wp-content\/uploads\/2023\/12\/IMG_3236-2048x1536.jpg 2048w, https:\/\/vreina.smartown.es\/wp-content\/uploads\/2023\/12\/IMG_3236-640x480.jpg 640w, https:\/\/vreina.smartown.es\/wp-content\/uploads\/2023\/12\/IMG_3236-1200x900.jpg 1200w, https:\/\/vreina.smartown.es\/wp-content\/uploads\/2023\/12\/IMG_3236-1920x1440.jpg 1920w\" sizes=\"(max-width: 639px) 98vw, (max-width: 1199px) 64vw, 770px\" \/><\/figure>\n\n\n\n<figure class=\"wp-block-image size-large\"><img loading=\"lazy\" width=\"1024\" height=\"768\" src=\"https:\/\/vreina.smartown.es\/wp-content\/uploads\/2023\/12\/IMG_3226-1024x768.jpg\" alt=\"\" class=\"wp-image-9169\" srcset=\"https:\/\/vreina.smartown.es\/wp-content\/uploads\/2023\/12\/IMG_3226-1024x768.jpg 1024w, https:\/\/vreina.smartown.es\/wp-content\/uploads\/2023\/12\/IMG_3226-300x225.jpg 300w, https:\/\/vreina.smartown.es\/wp-content\/uploads\/2023\/12\/IMG_3226-768x576.jpg 768w, https:\/\/vreina.smartown.es\/wp-content\/uploads\/2023\/12\/IMG_3226-1536x1152.jpg 1536w, https:\/\/vreina.smartown.es\/wp-content\/uploads\/2023\/12\/IMG_3226-2048x1536.jpg 2048w, https:\/\/vreina.smartown.es\/wp-content\/uploads\/2023\/12\/IMG_3226-640x480.jpg 640w, https:\/\/vreina.smartown.es\/wp-content\/uploads\/2023\/12\/IMG_3226-1200x900.jpg 1200w, https:\/\/vreina.smartown.es\/wp-content\/uploads\/2023\/12\/IMG_3226-1920x1440.jpg 1920w\" sizes=\"(max-width: 639px) 98vw, (max-width: 1199px) 64vw, 770px\" \/><\/figure>\n","protected":false},"excerpt":{"rendered":"<p>Ayer s\u00e1bado, d\u00eda 2 de Diciembre, se clausuro el XIV circuito de Flamenco por las Pe\u00f1as en la sede de la Pe\u00f1a flamenca El Olivo del Cante. La Diputaci\u00f3n Provincial de Ja\u00e9n y el ayuntamiento de Villanueva de la Reina vienen apostando por el flamenco con la financiaci\u00f3n de distintos programas, en este caso es [&hellip;]<\/p>\n","protected":false},"author":43,"featured_media":9168,"comment_status":"open","ping_status":"open","sticky":false,"template":"","format":"standard","meta":[],"categories":[1],"tags":[],"_links":{"self":[{"href":"https:\/\/vreina.smartown.es\/SI2API\/wp\/v2\/posts\/9167"}],"collection":[{"href":"https:\/\/vreina.smartown.es\/SI2API\/wp\/v2\/posts"}],"about":[{"href":"https:\/\/vreina.smartown.es\/SI2API\/wp\/v2\/types\/post"}],"author":[{"embeddable":true,"href":"https:\/\/vreina.smartown.es\/SI2API\/wp\/v2\/users\/43"}],"replies":[{"embeddable":true,"href":"https:\/\/vreina.smartown.es\/SI2API\/wp\/v2\/comments?post=9167"}],"version-history":[{"count":2,"href":"https:\/\/vreina.smartown.es\/SI2API\/wp\/v2\/posts\/9167\/revisions"}],"predecessor-version":[{"id":9176,"href":"https:\/\/vreina.smartown.es\/SI2API\/wp\/v2\/posts\/9167\/revisions\/9176"}],"wp:featuredmedia":[{"embeddable":true,"href":"https:\/\/vreina.smartown.es\/SI2API\/wp\/v2\/media\/9168"}],"wp:attachment":[{"href":"https:\/\/vreina.smartown.es\/SI2API\/wp\/v2\/media?parent=9167"}],"wp:term":[{"taxonomy":"category","embeddable":true,"href":"https:\/\/vreina.smartown.es\/SI2API\/wp\/v2\/categories?post=9167"},{"taxonomy":"post_tag","embeddable":true,"href":"https:\/\/vreina.smartown.es\/SI2API\/wp\/v2\/tags?post=9167"}],"curies":[{"name":"wp","href":"https:\/\/api.w.org\/{rel}","templated":true}]}}