{"id":9320,"date":"2024-01-16T07:01:00","date_gmt":"2024-01-16T06:01:00","guid":{"rendered":"https:\/\/vreina.smartown.es\/?p=9320"},"modified":"2024-01-17T08:13:29","modified_gmt":"2024-01-17T07:13:29","slug":"visita-para-la-recepcion-de-las-obras-construccion-de-parque-inundable-junto-al-encantado-1a-fsase","status":"publish","type":"post","link":"https:\/\/vreina.smartown.es\/visita-para-la-recepcion-de-las-obras-construccion-de-parque-inundable-junto-al-encantado-1a-fsase\/","title":{"rendered":"VISITA PARA LA RECEPCI\u00d3N DE LAS OBRAS \u00abCONSTRUCCI\u00d3N DE PARQUE INUNDABLE JUNTO AL ENCANTADO, 1\u00aa FSASE\u00bb"},"content":{"rendered":"\n<p>En la ma\u00f1ana de ayer lunes, t\u00e9cnicos de Diputaci\u00f3n Provincial de Ja\u00e9n se han desplazado para llevar a cabo el acto de recepci\u00f3n de las obras.<\/p>\n\n\n\n<p>Finalizada la primera fase del proyecto \u201cConstrucci\u00f3n de parque inundable junto al Encantado\u201d, procede la recepci\u00f3n de las mismas.<\/p>\n\n\n\n<p>En el acto han estado presentes t\u00e9cnicos de la Diputaci\u00f3n Provincial, Miguel Angel Cruz del \u00e1rea Infraestructuras T\u00e9cnicas y Lucas Mu\u00f1oz de Intervenci\u00f3n, adem\u00e1s de la representante de la empresa constructora H TORRES Cys 2004 SL, el ingeniero redactor y director del proyecto, Luis Ruiz y el alcalde en representaci\u00f3n del ayuntamiento.<\/p>\n\n\n\n<p>La obra ha tenido un presupuesto de 310.199 euros., y ha consistido en la construcci\u00f3n de un muro de un metro de alto por 500 mtrs. de longitud, y un baden a base de piedras de escollera que hacen de vaso de recepci\u00f3n de las aguas, a la salida de las O.D.T bajo la v\u00eda f\u00e9rrea.<\/p>\n\n\n\n<p>Las primeras lluvias ca\u00eddas del mes de Septiembre, unos 38 ltrs\/m2, fue una primera prueba para ver el comportamiento de la obra con respecto a los desbordamientos.<\/p>\n\n\n\n<p>Aunque est\u00e1 proyectada una segunda fase, de momento los vecinos\/as afectados, viven con tranquilidad y sin miedo ante los posibles desbordamientos.<\/p>\n\n\n\n<figure class=\"wp-block-image size-large\"><img loading=\"lazy\" width=\"1024\" height=\"768\" src=\"https:\/\/vreina.smartown.es\/wp-content\/uploads\/2024\/01\/IMG_4056-1024x768.jpg\" alt=\"\" class=\"wp-image-9322\" srcset=\"https:\/\/vreina.smartown.es\/wp-content\/uploads\/2024\/01\/IMG_4056-1024x768.jpg 1024w, https:\/\/vreina.smartown.es\/wp-content\/uploads\/2024\/01\/IMG_4056-300x225.jpg 300w, https:\/\/vreina.smartown.es\/wp-content\/uploads\/2024\/01\/IMG_4056-768x576.jpg 768w, https:\/\/vreina.smartown.es\/wp-content\/uploads\/2024\/01\/IMG_4056-1536x1152.jpg 1536w, https:\/\/vreina.smartown.es\/wp-content\/uploads\/2024\/01\/IMG_4056-640x480.jpg 640w, https:\/\/vreina.smartown.es\/wp-content\/uploads\/2024\/01\/IMG_4056-1200x900.jpg 1200w, https:\/\/vreina.smartown.es\/wp-content\/uploads\/2024\/01\/IMG_4056-1920x1440.jpg 1920w, https:\/\/vreina.smartown.es\/wp-content\/uploads\/2024\/01\/IMG_4056.jpg 2016w\" sizes=\"(max-width: 639px) 98vw, (max-width: 1199px) 64vw, 770px\" \/><\/figure>\n\n\n\n<figure class=\"wp-block-image size-large\"><img loading=\"lazy\" width=\"1024\" height=\"768\" src=\"https:\/\/vreina.smartown.es\/wp-content\/uploads\/2024\/01\/IMG_4055-1024x768.jpg\" alt=\"\" class=\"wp-image-9321\" srcset=\"https:\/\/vreina.smartown.es\/wp-content\/uploads\/2024\/01\/IMG_4055-1024x768.jpg 1024w, https:\/\/vreina.smartown.es\/wp-content\/uploads\/2024\/01\/IMG_4055-300x225.jpg 300w, https:\/\/vreina.smartown.es\/wp-content\/uploads\/2024\/01\/IMG_4055-768x576.jpg 768w, https:\/\/vreina.smartown.es\/wp-content\/uploads\/2024\/01\/IMG_4055-1536x1152.jpg 1536w, https:\/\/vreina.smartown.es\/wp-content\/uploads\/2024\/01\/IMG_4055-640x480.jpg 640w, https:\/\/vreina.smartown.es\/wp-content\/uploads\/2024\/01\/IMG_4055-1200x900.jpg 1200w, https:\/\/vreina.smartown.es\/wp-content\/uploads\/2024\/01\/IMG_4055-1920x1440.jpg 1920w, https:\/\/vreina.smartown.es\/wp-content\/uploads\/2024\/01\/IMG_4055.jpg 2016w\" sizes=\"(max-width: 639px) 98vw, (max-width: 1199px) 64vw, 770px\" \/><\/figure>\n","protected":false},"excerpt":{"rendered":"<p>En la ma\u00f1ana de ayer lunes, t\u00e9cnicos de Diputaci\u00f3n Provincial de Ja\u00e9n se han desplazado para llevar a cabo el acto de recepci\u00f3n de las obras. Finalizada la primera fase del proyecto \u201cConstrucci\u00f3n de parque inundable junto al Encantado\u201d, procede la recepci\u00f3n de las mismas. En el acto han estado presentes t\u00e9cnicos de la Diputaci\u00f3n [&hellip;]<\/p>\n","protected":false},"author":43,"featured_media":9321,"comment_status":"open","ping_status":"open","sticky":false,"template":"","format":"standard","meta":[],"categories":[1],"tags":[],"_links":{"self":[{"href":"https:\/\/vreina.smartown.es\/SI2API\/wp\/v2\/posts\/9320"}],"collection":[{"href":"https:\/\/vreina.smartown.es\/SI2API\/wp\/v2\/posts"}],"about":[{"href":"https:\/\/vreina.smartown.es\/SI2API\/wp\/v2\/types\/post"}],"author":[{"embeddable":true,"href":"https:\/\/vreina.smartown.es\/SI2API\/wp\/v2\/users\/43"}],"replies":[{"embeddable":true,"href":"https:\/\/vreina.smartown.es\/SI2API\/wp\/v2\/comments?post=9320"}],"version-history":[{"count":3,"href":"https:\/\/vreina.smartown.es\/SI2API\/wp\/v2\/posts\/9320\/revisions"}],"predecessor-version":[{"id":9330,"href":"https:\/\/vreina.smartown.es\/SI2API\/wp\/v2\/posts\/9320\/revisions\/9330"}],"wp:featuredmedia":[{"embeddable":true,"href":"https:\/\/vreina.smartown.es\/SI2API\/wp\/v2\/media\/9321"}],"wp:attachment":[{"href":"https:\/\/vreina.smartown.es\/SI2API\/wp\/v2\/media?parent=9320"}],"wp:term":[{"taxonomy":"category","embeddable":true,"href":"https:\/\/vreina.smartown.es\/SI2API\/wp\/v2\/categories?post=9320"},{"taxonomy":"post_tag","embeddable":true,"href":"https:\/\/vreina.smartown.es\/SI2API\/wp\/v2\/tags?post=9320"}],"curies":[{"name":"wp","href":"https:\/\/api.w.org\/{rel}","templated":true}]}}