{"id":9324,"date":"2024-01-16T17:21:45","date_gmt":"2024-01-16T16:21:45","guid":{"rendered":"https:\/\/vreina.smartown.es\/?p=9324"},"modified":"2024-01-16T17:21:46","modified_gmt":"2024-01-16T16:21:46","slug":"el-presidente-del-hogar-del-jubilado-presenta-al-ayuntamiento-un-programa-de-actividades-para-el-primer-trimestre-del-2024","status":"publish","type":"post","link":"https:\/\/vreina.smartown.es\/el-presidente-del-hogar-del-jubilado-presenta-al-ayuntamiento-un-programa-de-actividades-para-el-primer-trimestre-del-2024\/","title":{"rendered":"EL PRESIDENTE DEL HOGAR DEL JUBILADO PRESENTA AL AYUNTAMIENTO UN PROGRAMA DE ACTIVIDADES PARA EL PRIMER TRIMESTRE DEL 2024"},"content":{"rendered":"\n<p>Juan Rodr\u00edguez, presidente del Hogar del Jubilado, ha mantenido una reuni\u00f3n de trabajo con el alcalde de la localidad, Blas Alves y la concejala de Servicios Sociales, Isabel Verdejo para informar del programa de actividades para este primer trimestre y a la vez solicitar la colaboraci\u00f3n del consistorio.<\/p>\n\n\n\n<p>Han revisado la reciente Semana del Mayor, que ha dejado una buena satisfacci\u00f3n en el conjunto de los jubilados y pensionistas, tambi\u00e9n han hablado de la campa\u00f1a de divulgaci\u00f3n y colaboraci\u00f3n para participar en el programa Senior 65+ que organiza la Diputaci\u00f3n Provincial de Ja\u00e9n.<\/p>\n\n\n\n<p>Tambi\u00e9n han repasado algunas de las actividades que se llevar\u00e1n a cabo en este primer trimestre como la organizaci\u00f3n de un viaje a La Iruela, as\u00ed como la celebraci\u00f3n de San Valent\u00edn.<\/p>\n\n\n\n<figure class=\"wp-block-image size-large\"><img loading=\"lazy\" width=\"1024\" height=\"768\" src=\"https:\/\/vreina.smartown.es\/wp-content\/uploads\/2024\/01\/IMG_4054-1024x768.jpg\" alt=\"\" class=\"wp-image-9325\" srcset=\"https:\/\/vreina.smartown.es\/wp-content\/uploads\/2024\/01\/IMG_4054-1024x768.jpg 1024w, https:\/\/vreina.smartown.es\/wp-content\/uploads\/2024\/01\/IMG_4054-300x225.jpg 300w, https:\/\/vreina.smartown.es\/wp-content\/uploads\/2024\/01\/IMG_4054-768x576.jpg 768w, https:\/\/vreina.smartown.es\/wp-content\/uploads\/2024\/01\/IMG_4054-1536x1152.jpg 1536w, https:\/\/vreina.smartown.es\/wp-content\/uploads\/2024\/01\/IMG_4054-2048x1536.jpg 2048w, https:\/\/vreina.smartown.es\/wp-content\/uploads\/2024\/01\/IMG_4054-640x480.jpg 640w, https:\/\/vreina.smartown.es\/wp-content\/uploads\/2024\/01\/IMG_4054-1200x900.jpg 1200w, https:\/\/vreina.smartown.es\/wp-content\/uploads\/2024\/01\/IMG_4054-1920x1440.jpg 1920w\" sizes=\"(max-width: 639px) 98vw, (max-width: 1199px) 64vw, 770px\" \/><\/figure>\n\n\n\n<figure class=\"wp-block-image size-large\"><img loading=\"lazy\" width=\"1024\" height=\"768\" src=\"https:\/\/vreina.smartown.es\/wp-content\/uploads\/2024\/01\/IMG_4052-1024x768.jpg\" alt=\"\" class=\"wp-image-9326\" srcset=\"https:\/\/vreina.smartown.es\/wp-content\/uploads\/2024\/01\/IMG_4052-1024x768.jpg 1024w, https:\/\/vreina.smartown.es\/wp-content\/uploads\/2024\/01\/IMG_4052-300x225.jpg 300w, https:\/\/vreina.smartown.es\/wp-content\/uploads\/2024\/01\/IMG_4052-768x576.jpg 768w, https:\/\/vreina.smartown.es\/wp-content\/uploads\/2024\/01\/IMG_4052-1536x1152.jpg 1536w, https:\/\/vreina.smartown.es\/wp-content\/uploads\/2024\/01\/IMG_4052-2048x1536.jpg 2048w, https:\/\/vreina.smartown.es\/wp-content\/uploads\/2024\/01\/IMG_4052-640x480.jpg 640w, https:\/\/vreina.smartown.es\/wp-content\/uploads\/2024\/01\/IMG_4052-1200x900.jpg 1200w, https:\/\/vreina.smartown.es\/wp-content\/uploads\/2024\/01\/IMG_4052-1920x1440.jpg 1920w\" sizes=\"(max-width: 639px) 98vw, (max-width: 1199px) 64vw, 770px\" \/><\/figure>\n","protected":false},"excerpt":{"rendered":"<p>Juan Rodr\u00edguez, presidente del Hogar del Jubilado, ha mantenido una reuni\u00f3n de trabajo con el alcalde de la localidad, Blas Alves y la concejala de Servicios Sociales, Isabel Verdejo para informar del programa de actividades para este primer trimestre y a la vez solicitar la colaboraci\u00f3n del consistorio. Han revisado la reciente Semana del Mayor, [&hellip;]<\/p>\n","protected":false},"author":43,"featured_media":9325,"comment_status":"open","ping_status":"open","sticky":false,"template":"","format":"standard","meta":[],"categories":[1],"tags":[],"_links":{"self":[{"href":"https:\/\/vreina.smartown.es\/SI2API\/wp\/v2\/posts\/9324"}],"collection":[{"href":"https:\/\/vreina.smartown.es\/SI2API\/wp\/v2\/posts"}],"about":[{"href":"https:\/\/vreina.smartown.es\/SI2API\/wp\/v2\/types\/post"}],"author":[{"embeddable":true,"href":"https:\/\/vreina.smartown.es\/SI2API\/wp\/v2\/users\/43"}],"replies":[{"embeddable":true,"href":"https:\/\/vreina.smartown.es\/SI2API\/wp\/v2\/comments?post=9324"}],"version-history":[{"count":1,"href":"https:\/\/vreina.smartown.es\/SI2API\/wp\/v2\/posts\/9324\/revisions"}],"predecessor-version":[{"id":9327,"href":"https:\/\/vreina.smartown.es\/SI2API\/wp\/v2\/posts\/9324\/revisions\/9327"}],"wp:featuredmedia":[{"embeddable":true,"href":"https:\/\/vreina.smartown.es\/SI2API\/wp\/v2\/media\/9325"}],"wp:attachment":[{"href":"https:\/\/vreina.smartown.es\/SI2API\/wp\/v2\/media?parent=9324"}],"wp:term":[{"taxonomy":"category","embeddable":true,"href":"https:\/\/vreina.smartown.es\/SI2API\/wp\/v2\/categories?post=9324"},{"taxonomy":"post_tag","embeddable":true,"href":"https:\/\/vreina.smartown.es\/SI2API\/wp\/v2\/tags?post=9324"}],"curies":[{"name":"wp","href":"https:\/\/api.w.org\/{rel}","templated":true}]}}