{"id":9341,"date":"2024-01-21T08:33:56","date_gmt":"2024-01-21T07:33:56","guid":{"rendered":"https:\/\/vreina.smartown.es\/?p=9341"},"modified":"2024-01-21T11:06:48","modified_gmt":"2024-01-21T10:06:48","slug":"el-jefe-de-proteccon-civil-de-villanueva-de-la-reina-presidira-la-mesa-provincial-de-proteccion-civil","status":"publish","type":"post","link":"https:\/\/vreina.smartown.es\/el-jefe-de-proteccon-civil-de-villanueva-de-la-reina-presidira-la-mesa-provincial-de-proteccion-civil\/","title":{"rendered":"EL JEFE DE PROTECC\u00d3N CIVIL DE VILLANUEVA DE LA REINA PRESIDIR\u00c1 LA MESA PROVINCIAL DE PROTECCI\u00d3N CIVIL."},"content":{"rendered":"\n<p><strong>Pedro Torrus Soto<\/strong>, Jefe de la Agrupaci\u00f3n de Voluntarios de Protecci\u00f3n Civil de Vva de la Reina, es elegido presidente de la Mesa Provincial de Trabajo de Voluntarios de Protecci\u00f3n Civil de Ja\u00e9n.<\/p>\n\n\n\n<figure class=\"wp-block-image size-large\"><img loading=\"lazy\" width=\"1024\" height=\"766\" src=\"https:\/\/vreina.smartown.es\/wp-content\/uploads\/2024\/01\/2-1024x766.jpeg\" alt=\"\" class=\"wp-image-9344\" srcset=\"https:\/\/vreina.smartown.es\/wp-content\/uploads\/2024\/01\/2-1024x766.jpeg 1024w, https:\/\/vreina.smartown.es\/wp-content\/uploads\/2024\/01\/2-300x224.jpeg 300w, https:\/\/vreina.smartown.es\/wp-content\/uploads\/2024\/01\/2-768x575.jpeg 768w, https:\/\/vreina.smartown.es\/wp-content\/uploads\/2024\/01\/2-1536x1149.jpeg 1536w, https:\/\/vreina.smartown.es\/wp-content\/uploads\/2024\/01\/2-640x479.jpeg 640w, https:\/\/vreina.smartown.es\/wp-content\/uploads\/2024\/01\/2-1200x898.jpeg 1200w, https:\/\/vreina.smartown.es\/wp-content\/uploads\/2024\/01\/2.jpeg 1600w\" sizes=\"(max-width: 639px) 98vw, (max-width: 1199px) 64vw, 770px\" \/><\/figure>\n\n\n\n<p>En la ma\u00f1ana de ayer s\u00e1bado, se han reunido en La Carolina, las 37 agrupaciones de Protecci\u00f3n Civil de Ja\u00e9n, agrupadas en 5 comarcas, para constituir la Mesa Provincial de Trabajo, que tiene como finalidad elaborar propuestas que faciliten el trabajo que vienen desarrollando los\/as voluntarios\/as de Protecci\u00f3n Civil, a la direcci\u00f3n provincial del 112 de Ja\u00e9n.<\/p>\n\n\n\n<p>En la Mesa Provincial est\u00e1n representadas las 5 comarcas, que se reunir\u00e1n de manera peri\u00f3dica, cada 3 meses, y de manera excepcional, cuando sea necesario, para trasladar a la direcci\u00f3n provincial del 112 de Ja\u00e9n, aquellas cuestiones que necesiten mejorar para el buen funcionamiento de las agrupaciones.<\/p>\n\n\n\n<p>Es un nuevo \u00f3rgano provincial que pone de manifiesto la importancia que tienen las agrupaciones de voluntarios\/as en nuestros pueblos, una labor que cada es mas visible y \u00fatil, y muy demandada por la ciudadan\u00eda.<\/p>\n\n\n\n<p>Desde el Ayuntamiento de Villanueva de la Reina, damos la enhorabuena por este nombramiento a <strong>Pedro Torrus Soto, Jefe de la Agrupaci\u00f3n de Voluntarios de Protecci\u00f3n Civil de Vva de la Reina<\/strong>, que es sin duda alguna un reconocimiento al buen trabajo realizado por la A.V. de Vva de la Reina, con Pedro Torrus, como Jefe de la A.V., \u00a0por todas las Agrupaciones de Voluntarios de la Provincia de Ja\u00e9n, <strong>\u00a1\u00a1\u00a1\u00a1\u00a1enhorabuena !!!!!<\/strong><\/p>\n\n\n\n<figure class=\"wp-block-image size-large\"><img loading=\"lazy\" width=\"1024\" height=\"768\" src=\"https:\/\/vreina.smartown.es\/wp-content\/uploads\/2024\/01\/1-1024x768.jpeg\" alt=\"\" class=\"wp-image-9343\" srcset=\"https:\/\/vreina.smartown.es\/wp-content\/uploads\/2024\/01\/1-1024x768.jpeg 1024w, https:\/\/vreina.smartown.es\/wp-content\/uploads\/2024\/01\/1-300x225.jpeg 300w, https:\/\/vreina.smartown.es\/wp-content\/uploads\/2024\/01\/1-768x576.jpeg 768w, https:\/\/vreina.smartown.es\/wp-content\/uploads\/2024\/01\/1-1536x1152.jpeg 1536w, https:\/\/vreina.smartown.es\/wp-content\/uploads\/2024\/01\/1-640x480.jpeg 640w, https:\/\/vreina.smartown.es\/wp-content\/uploads\/2024\/01\/1-1200x900.jpeg 1200w, https:\/\/vreina.smartown.es\/wp-content\/uploads\/2024\/01\/1.jpeg 1600w\" sizes=\"(max-width: 639px) 98vw, (max-width: 1199px) 64vw, 770px\" \/><figcaption>MESA PROVINCIAL DE TRABAJO<\/figcaption><\/figure>\n\n\n\n<p><\/p>\n\n\n\n<figure class=\"wp-block-image size-large\"><img loading=\"lazy\" width=\"1024\" height=\"768\" src=\"https:\/\/vreina.smartown.es\/wp-content\/uploads\/2024\/01\/3-1024x768.jpeg\" alt=\"\" class=\"wp-image-9345\" srcset=\"https:\/\/vreina.smartown.es\/wp-content\/uploads\/2024\/01\/3-1024x768.jpeg 1024w, https:\/\/vreina.smartown.es\/wp-content\/uploads\/2024\/01\/3-300x225.jpeg 300w, https:\/\/vreina.smartown.es\/wp-content\/uploads\/2024\/01\/3-768x576.jpeg 768w, https:\/\/vreina.smartown.es\/wp-content\/uploads\/2024\/01\/3-1536x1152.jpeg 1536w, https:\/\/vreina.smartown.es\/wp-content\/uploads\/2024\/01\/3-640x480.jpeg 640w, https:\/\/vreina.smartown.es\/wp-content\/uploads\/2024\/01\/3-1200x900.jpeg 1200w, https:\/\/vreina.smartown.es\/wp-content\/uploads\/2024\/01\/3.jpeg 1600w\" sizes=\"(max-width: 639px) 98vw, (max-width: 1199px) 64vw, 770px\" \/><\/figure>\n\n\n\n<figure class=\"wp-block-image size-full\"><img loading=\"lazy\" width=\"996\" height=\"659\" src=\"https:\/\/vreina.smartown.es\/wp-content\/uploads\/2024\/01\/Mesa-Provincial.jpg\" alt=\"\" class=\"wp-image-9347\" srcset=\"https:\/\/vreina.smartown.es\/wp-content\/uploads\/2024\/01\/Mesa-Provincial.jpg 996w, https:\/\/vreina.smartown.es\/wp-content\/uploads\/2024\/01\/Mesa-Provincial-300x198.jpg 300w, https:\/\/vreina.smartown.es\/wp-content\/uploads\/2024\/01\/Mesa-Provincial-768x508.jpg 768w, https:\/\/vreina.smartown.es\/wp-content\/uploads\/2024\/01\/Mesa-Provincial-640x423.jpg 640w\" sizes=\"(max-width: 639px) 98vw, (max-width: 1199px) 64vw, 770px\" \/><figcaption>JEFES DE LAS  AGRUPACIONES DE VOLUNTARIOS EN JAEN<\/figcaption><\/figure>\n","protected":false},"excerpt":{"rendered":"<p>Pedro Torrus Soto, Jefe de la Agrupaci\u00f3n de Voluntarios de Protecci\u00f3n Civil de Vva de la Reina, es elegido presidente de la Mesa Provincial de Trabajo de Voluntarios de Protecci\u00f3n Civil de Ja\u00e9n. En la ma\u00f1ana de ayer s\u00e1bado, se han reunido en La Carolina, las 37 agrupaciones de Protecci\u00f3n Civil de Ja\u00e9n, agrupadas en [&hellip;]<\/p>\n","protected":false},"author":43,"featured_media":9343,"comment_status":"open","ping_status":"open","sticky":false,"template":"","format":"standard","meta":[],"categories":[1],"tags":[],"_links":{"self":[{"href":"https:\/\/vreina.smartown.es\/SI2API\/wp\/v2\/posts\/9341"}],"collection":[{"href":"https:\/\/vreina.smartown.es\/SI2API\/wp\/v2\/posts"}],"about":[{"href":"https:\/\/vreina.smartown.es\/SI2API\/wp\/v2\/types\/post"}],"author":[{"embeddable":true,"href":"https:\/\/vreina.smartown.es\/SI2API\/wp\/v2\/users\/43"}],"replies":[{"embeddable":true,"href":"https:\/\/vreina.smartown.es\/SI2API\/wp\/v2\/comments?post=9341"}],"version-history":[{"count":5,"href":"https:\/\/vreina.smartown.es\/SI2API\/wp\/v2\/posts\/9341\/revisions"}],"predecessor-version":[{"id":9351,"href":"https:\/\/vreina.smartown.es\/SI2API\/wp\/v2\/posts\/9341\/revisions\/9351"}],"wp:featuredmedia":[{"embeddable":true,"href":"https:\/\/vreina.smartown.es\/SI2API\/wp\/v2\/media\/9343"}],"wp:attachment":[{"href":"https:\/\/vreina.smartown.es\/SI2API\/wp\/v2\/media?parent=9341"}],"wp:term":[{"taxonomy":"category","embeddable":true,"href":"https:\/\/vreina.smartown.es\/SI2API\/wp\/v2\/categories?post=9341"},{"taxonomy":"post_tag","embeddable":true,"href":"https:\/\/vreina.smartown.es\/SI2API\/wp\/v2\/tags?post=9341"}],"curies":[{"name":"wp","href":"https:\/\/api.w.org\/{rel}","templated":true}]}}