{"id":9372,"date":"2024-01-26T08:25:59","date_gmt":"2024-01-26T07:25:59","guid":{"rendered":"https:\/\/vreina.smartown.es\/?p=9372"},"modified":"2024-01-26T08:25:59","modified_gmt":"2024-01-26T07:25:59","slug":"gala-de-entrega-de-premios-con-nombre-de-mujer-del-diario-jaen","status":"publish","type":"post","link":"https:\/\/vreina.smartown.es\/gala-de-entrega-de-premios-con-nombre-de-mujer-del-diario-jaen\/","title":{"rendered":"GALA DE ENTREGA DE PREMIOS CON NOMBRE DE MUJER DEL DIARIO JAEN"},"content":{"rendered":"\n<p>Mari\u00e1ngeles Mart\u00ednez Toledano premiada por el Diario Ja\u00e9n con el galard\u00f3n Mujer \u00danica.<\/p>\n\n\n\n<p>19 son las mujeres y colectivos formados \u00edntegramente por mujeres, 19 son las historias de estas luchadoras, muchas de ellas de manera an\u00f3nima, las que el diario Ja\u00e9n premio en su X Gala con nombre de Mujer.<\/p>\n\n\n\n<p>Durante la gala pudimos conocer las historias aut\u00e9nticas, muchas de ellas vividas en solitario, otras reconocidas solo por sus entornos laborales, y otras, como nuestra paisana Mariangeles, con una popularidad creciente.<\/p>\n\n\n\n<p>Son ejemplos de much\u00edsimas mas que son imprescindibles, en sus trabajos, en sus familias, en su entorno, y que nunca recibir\u00e1n reconocimientos ni galardones, a todas ellas, tambi\u00e9n levantamos nuestra voz y les reconocemos y agradecemos su trabajo.<\/p>\n\n\n\n<p>A este reconocimiento del diario Ja\u00e9n, el ayuntamiento de Villanueva de la Reina, nos sumamos, ayer acompa\u00f1\u00e1ndola durante la gala y la entrega del galard\u00f3n, hoy compartiendo con todo el municipio esta noticia, enhorabuena Mariangeles.<\/p>\n\n\n\n<figure class=\"wp-block-image size-full\"><img loading=\"lazy\" width=\"1024\" height=\"768\" src=\"https:\/\/vreina.smartown.es\/wp-content\/uploads\/2024\/01\/PHOTO-2024-01-25-21-50-51.jpg\" alt=\"\" class=\"wp-image-9374\" srcset=\"https:\/\/vreina.smartown.es\/wp-content\/uploads\/2024\/01\/PHOTO-2024-01-25-21-50-51.jpg 1024w, https:\/\/vreina.smartown.es\/wp-content\/uploads\/2024\/01\/PHOTO-2024-01-25-21-50-51-300x225.jpg 300w, https:\/\/vreina.smartown.es\/wp-content\/uploads\/2024\/01\/PHOTO-2024-01-25-21-50-51-768x576.jpg 768w, https:\/\/vreina.smartown.es\/wp-content\/uploads\/2024\/01\/PHOTO-2024-01-25-21-50-51-640x480.jpg 640w\" sizes=\"(max-width: 639px) 98vw, (max-width: 1199px) 64vw, 770px\" \/><\/figure>\n\n\n\n<figure class=\"wp-block-image size-large\"><img loading=\"lazy\" width=\"1024\" height=\"768\" src=\"https:\/\/vreina.smartown.es\/wp-content\/uploads\/2024\/01\/IMG_4197-1024x768.jpg\" alt=\"\" class=\"wp-image-9375\" srcset=\"https:\/\/vreina.smartown.es\/wp-content\/uploads\/2024\/01\/IMG_4197-1024x768.jpg 1024w, https:\/\/vreina.smartown.es\/wp-content\/uploads\/2024\/01\/IMG_4197-300x225.jpg 300w, https:\/\/vreina.smartown.es\/wp-content\/uploads\/2024\/01\/IMG_4197-768x576.jpg 768w, https:\/\/vreina.smartown.es\/wp-content\/uploads\/2024\/01\/IMG_4197-1536x1152.jpg 1536w, https:\/\/vreina.smartown.es\/wp-content\/uploads\/2024\/01\/IMG_4197-640x480.jpg 640w, https:\/\/vreina.smartown.es\/wp-content\/uploads\/2024\/01\/IMG_4197-1200x900.jpg 1200w, https:\/\/vreina.smartown.es\/wp-content\/uploads\/2024\/01\/IMG_4197-1920x1440.jpg 1920w, https:\/\/vreina.smartown.es\/wp-content\/uploads\/2024\/01\/IMG_4197.jpg 2016w\" sizes=\"(max-width: 639px) 98vw, (max-width: 1199px) 64vw, 770px\" \/><\/figure>\n\n\n\n<figure class=\"wp-block-image size-large\"><img loading=\"lazy\" width=\"1024\" height=\"768\" src=\"https:\/\/vreina.smartown.es\/wp-content\/uploads\/2024\/01\/IMG_4200-1024x768.jpg\" alt=\"\" class=\"wp-image-9376\" srcset=\"https:\/\/vreina.smartown.es\/wp-content\/uploads\/2024\/01\/IMG_4200-1024x768.jpg 1024w, https:\/\/vreina.smartown.es\/wp-content\/uploads\/2024\/01\/IMG_4200-300x225.jpg 300w, https:\/\/vreina.smartown.es\/wp-content\/uploads\/2024\/01\/IMG_4200-768x576.jpg 768w, https:\/\/vreina.smartown.es\/wp-content\/uploads\/2024\/01\/IMG_4200-1536x1152.jpg 1536w, https:\/\/vreina.smartown.es\/wp-content\/uploads\/2024\/01\/IMG_4200-640x480.jpg 640w, https:\/\/vreina.smartown.es\/wp-content\/uploads\/2024\/01\/IMG_4200-1200x900.jpg 1200w, https:\/\/vreina.smartown.es\/wp-content\/uploads\/2024\/01\/IMG_4200-1920x1440.jpg 1920w, https:\/\/vreina.smartown.es\/wp-content\/uploads\/2024\/01\/IMG_4200.jpg 2016w\" sizes=\"(max-width: 639px) 98vw, (max-width: 1199px) 64vw, 770px\" \/><\/figure>\n\n\n\n<figure class=\"wp-block-image size-large\"><img loading=\"lazy\" width=\"1024\" height=\"768\" src=\"https:\/\/vreina.smartown.es\/wp-content\/uploads\/2024\/01\/IMG_4203-1024x768.jpg\" alt=\"\" class=\"wp-image-9377\" srcset=\"https:\/\/vreina.smartown.es\/wp-content\/uploads\/2024\/01\/IMG_4203-1024x768.jpg 1024w, https:\/\/vreina.smartown.es\/wp-content\/uploads\/2024\/01\/IMG_4203-300x225.jpg 300w, https:\/\/vreina.smartown.es\/wp-content\/uploads\/2024\/01\/IMG_4203-768x576.jpg 768w, https:\/\/vreina.smartown.es\/wp-content\/uploads\/2024\/01\/IMG_4203-1536x1152.jpg 1536w, https:\/\/vreina.smartown.es\/wp-content\/uploads\/2024\/01\/IMG_4203-640x480.jpg 640w, https:\/\/vreina.smartown.es\/wp-content\/uploads\/2024\/01\/IMG_4203-1200x900.jpg 1200w, https:\/\/vreina.smartown.es\/wp-content\/uploads\/2024\/01\/IMG_4203-1920x1440.jpg 1920w, https:\/\/vreina.smartown.es\/wp-content\/uploads\/2024\/01\/IMG_4203.jpg 2016w\" sizes=\"(max-width: 639px) 98vw, (max-width: 1199px) 64vw, 770px\" \/><\/figure>\n\n\n\n<figure class=\"wp-block-image size-large\"><img loading=\"lazy\" width=\"1024\" height=\"768\" src=\"https:\/\/vreina.smartown.es\/wp-content\/uploads\/2024\/01\/IMG_4223-1024x768.jpg\" alt=\"\" class=\"wp-image-9378\" srcset=\"https:\/\/vreina.smartown.es\/wp-content\/uploads\/2024\/01\/IMG_4223-1024x768.jpg 1024w, https:\/\/vreina.smartown.es\/wp-content\/uploads\/2024\/01\/IMG_4223-300x225.jpg 300w, https:\/\/vreina.smartown.es\/wp-content\/uploads\/2024\/01\/IMG_4223-768x576.jpg 768w, https:\/\/vreina.smartown.es\/wp-content\/uploads\/2024\/01\/IMG_4223-1536x1152.jpg 1536w, https:\/\/vreina.smartown.es\/wp-content\/uploads\/2024\/01\/IMG_4223-640x480.jpg 640w, https:\/\/vreina.smartown.es\/wp-content\/uploads\/2024\/01\/IMG_4223-1200x900.jpg 1200w, https:\/\/vreina.smartown.es\/wp-content\/uploads\/2024\/01\/IMG_4223-1920x1440.jpg 1920w, https:\/\/vreina.smartown.es\/wp-content\/uploads\/2024\/01\/IMG_4223.jpg 2016w\" sizes=\"(max-width: 639px) 98vw, (max-width: 1199px) 64vw, 770px\" \/><\/figure>\n","protected":false},"excerpt":{"rendered":"<p>Mari\u00e1ngeles Mart\u00ednez Toledano premiada por el Diario Ja\u00e9n con el galard\u00f3n Mujer \u00danica. 19 son las mujeres y colectivos formados \u00edntegramente por mujeres, 19 son las historias de estas luchadoras, muchas de ellas de manera an\u00f3nima, las que el diario Ja\u00e9n premio en su X Gala con nombre de Mujer. Durante la gala pudimos conocer [&hellip;]<\/p>\n","protected":false},"author":43,"featured_media":9373,"comment_status":"open","ping_status":"open","sticky":false,"template":"","format":"standard","meta":[],"categories":[1],"tags":[],"_links":{"self":[{"href":"https:\/\/vreina.smartown.es\/SI2API\/wp\/v2\/posts\/9372"}],"collection":[{"href":"https:\/\/vreina.smartown.es\/SI2API\/wp\/v2\/posts"}],"about":[{"href":"https:\/\/vreina.smartown.es\/SI2API\/wp\/v2\/types\/post"}],"author":[{"embeddable":true,"href":"https:\/\/vreina.smartown.es\/SI2API\/wp\/v2\/users\/43"}],"replies":[{"embeddable":true,"href":"https:\/\/vreina.smartown.es\/SI2API\/wp\/v2\/comments?post=9372"}],"version-history":[{"count":1,"href":"https:\/\/vreina.smartown.es\/SI2API\/wp\/v2\/posts\/9372\/revisions"}],"predecessor-version":[{"id":9379,"href":"https:\/\/vreina.smartown.es\/SI2API\/wp\/v2\/posts\/9372\/revisions\/9379"}],"wp:featuredmedia":[{"embeddable":true,"href":"https:\/\/vreina.smartown.es\/SI2API\/wp\/v2\/media\/9373"}],"wp:attachment":[{"href":"https:\/\/vreina.smartown.es\/SI2API\/wp\/v2\/media?parent=9372"}],"wp:term":[{"taxonomy":"category","embeddable":true,"href":"https:\/\/vreina.smartown.es\/SI2API\/wp\/v2\/categories?post=9372"},{"taxonomy":"post_tag","embeddable":true,"href":"https:\/\/vreina.smartown.es\/SI2API\/wp\/v2\/tags?post=9372"}],"curies":[{"name":"wp","href":"https:\/\/api.w.org\/{rel}","templated":true}]}}