{"id":9385,"date":"2024-01-30T09:30:00","date_gmt":"2024-01-30T08:30:00","guid":{"rendered":"https:\/\/vreina.smartown.es\/?p=9385"},"modified":"2024-01-30T08:12:11","modified_gmt":"2024-01-30T07:12:11","slug":"firma-del-acta-de-inio-de-obras-para-rehabilitacion-integral-del-ayuntamiento-para-mejora-de-la-eficiencia-energetica","status":"publish","type":"post","link":"https:\/\/vreina.smartown.es\/firma-del-acta-de-inio-de-obras-para-rehabilitacion-integral-del-ayuntamiento-para-mejora-de-la-eficiencia-energetica\/","title":{"rendered":"FIRMA DEL ACTA DE INIO DE OBRAS PARA REHABILITACION INTEGRAL DEL AYUNTAMIENTO PARA MEJORA DE LA EFICIENCIA ENERGETICA."},"content":{"rendered":"\n<p>Los arquitectos redactor del proyecto y Coordinador de Seguridad, Francisco M del Pino y Lorenzo S\u00e1nchez, el representante de la empresa adjudicataria, Constructora Molina e Hijos S.L. y al alcalde de la localidad, firman el acta de inicio de las obras.<\/p>\n\n\n\n<p>La obra tiene un presupuesto de <strong>344.568.07 euro<\/strong>s, y tiene un plazo de ejecuci\u00f3n de 27 semanas, est\u00e1 financiada con fondos <strong>NextGenerati\u00f3nEU<\/strong> al 85% y fondos propios al 15%.<\/p>\n\n\n\n<p>La obra consiste en la instalaci\u00f3n de palcas fotovoltaicas, sustituci\u00f3n de toda la carpinter\u00eda de madera, instalaci\u00f3n de un sistema de renovaci\u00f3n de aire, la instalaci\u00f3n de aerotermia para producci\u00f3n de frio-calor y la inflaci\u00f3n de un techo retr\u00e1ctil en el patio de la portada de San Nicolas.<\/p>\n\n\n\n<p>Con esta obra se pretende <strong>ahorrar en el consumo de energ\u00eda el\u00e9ctrica y bajar la emisi\u00f3n de CO2<\/strong>.<\/p>\n\n\n\n<figure class=\"wp-block-image size-large\"><img loading=\"lazy\" width=\"1024\" height=\"768\" src=\"https:\/\/vreina.smartown.es\/wp-content\/uploads\/2024\/01\/IMG_4255-1024x768.jpg\" alt=\"\" class=\"wp-image-9387\" srcset=\"https:\/\/vreina.smartown.es\/wp-content\/uploads\/2024\/01\/IMG_4255-1024x768.jpg 1024w, https:\/\/vreina.smartown.es\/wp-content\/uploads\/2024\/01\/IMG_4255-300x225.jpg 300w, https:\/\/vreina.smartown.es\/wp-content\/uploads\/2024\/01\/IMG_4255-768x576.jpg 768w, https:\/\/vreina.smartown.es\/wp-content\/uploads\/2024\/01\/IMG_4255-1536x1152.jpg 1536w, https:\/\/vreina.smartown.es\/wp-content\/uploads\/2024\/01\/IMG_4255-2048x1536.jpg 2048w, https:\/\/vreina.smartown.es\/wp-content\/uploads\/2024\/01\/IMG_4255-640x480.jpg 640w, https:\/\/vreina.smartown.es\/wp-content\/uploads\/2024\/01\/IMG_4255-1200x900.jpg 1200w, https:\/\/vreina.smartown.es\/wp-content\/uploads\/2024\/01\/IMG_4255-1920x1440.jpg 1920w\" sizes=\"(max-width: 639px) 98vw, (max-width: 1199px) 64vw, 770px\" \/><\/figure>\n\n\n\n<figure class=\"wp-block-image size-large\"><img loading=\"lazy\" width=\"1024\" height=\"768\" src=\"https:\/\/vreina.smartown.es\/wp-content\/uploads\/2024\/01\/IMG_4253-1024x768.jpg\" alt=\"\" class=\"wp-image-9386\" srcset=\"https:\/\/vreina.smartown.es\/wp-content\/uploads\/2024\/01\/IMG_4253-1024x768.jpg 1024w, https:\/\/vreina.smartown.es\/wp-content\/uploads\/2024\/01\/IMG_4253-300x225.jpg 300w, https:\/\/vreina.smartown.es\/wp-content\/uploads\/2024\/01\/IMG_4253-768x576.jpg 768w, https:\/\/vreina.smartown.es\/wp-content\/uploads\/2024\/01\/IMG_4253-1536x1152.jpg 1536w, https:\/\/vreina.smartown.es\/wp-content\/uploads\/2024\/01\/IMG_4253-2048x1536.jpg 2048w, https:\/\/vreina.smartown.es\/wp-content\/uploads\/2024\/01\/IMG_4253-640x480.jpg 640w, https:\/\/vreina.smartown.es\/wp-content\/uploads\/2024\/01\/IMG_4253-1200x900.jpg 1200w, https:\/\/vreina.smartown.es\/wp-content\/uploads\/2024\/01\/IMG_4253-1920x1440.jpg 1920w\" sizes=\"(max-width: 639px) 98vw, (max-width: 1199px) 64vw, 770px\" \/><\/figure>\n","protected":false},"excerpt":{"rendered":"<p>Los arquitectos redactor del proyecto y Coordinador de Seguridad, Francisco M del Pino y Lorenzo S\u00e1nchez, el representante de la empresa adjudicataria, Constructora Molina e Hijos S.L. y al alcalde de la localidad, firman el acta de inicio de las obras. La obra tiene un presupuesto de 344.568.07 euros, y tiene un plazo de ejecuci\u00f3n [&hellip;]<\/p>\n","protected":false},"author":43,"featured_media":9386,"comment_status":"open","ping_status":"open","sticky":false,"template":"","format":"standard","meta":[],"categories":[1],"tags":[],"_links":{"self":[{"href":"https:\/\/vreina.smartown.es\/SI2API\/wp\/v2\/posts\/9385"}],"collection":[{"href":"https:\/\/vreina.smartown.es\/SI2API\/wp\/v2\/posts"}],"about":[{"href":"https:\/\/vreina.smartown.es\/SI2API\/wp\/v2\/types\/post"}],"author":[{"embeddable":true,"href":"https:\/\/vreina.smartown.es\/SI2API\/wp\/v2\/users\/43"}],"replies":[{"embeddable":true,"href":"https:\/\/vreina.smartown.es\/SI2API\/wp\/v2\/comments?post=9385"}],"version-history":[{"count":1,"href":"https:\/\/vreina.smartown.es\/SI2API\/wp\/v2\/posts\/9385\/revisions"}],"predecessor-version":[{"id":9388,"href":"https:\/\/vreina.smartown.es\/SI2API\/wp\/v2\/posts\/9385\/revisions\/9388"}],"wp:featuredmedia":[{"embeddable":true,"href":"https:\/\/vreina.smartown.es\/SI2API\/wp\/v2\/media\/9386"}],"wp:attachment":[{"href":"https:\/\/vreina.smartown.es\/SI2API\/wp\/v2\/media?parent=9385"}],"wp:term":[{"taxonomy":"category","embeddable":true,"href":"https:\/\/vreina.smartown.es\/SI2API\/wp\/v2\/categories?post=9385"},{"taxonomy":"post_tag","embeddable":true,"href":"https:\/\/vreina.smartown.es\/SI2API\/wp\/v2\/tags?post=9385"}],"curies":[{"name":"wp","href":"https:\/\/api.w.org\/{rel}","templated":true}]}}