{"id":9568,"date":"2024-03-07T09:45:00","date_gmt":"2024-03-07T08:45:00","guid":{"rendered":"https:\/\/vreina.smartown.es\/?p=9568"},"modified":"2024-03-06T16:31:03","modified_gmt":"2024-03-06T15:31:03","slug":"policia-local-presenta-su-nuevo-agente","status":"publish","type":"post","link":"https:\/\/vreina.smartown.es\/policia-local-presenta-su-nuevo-agente\/","title":{"rendered":"POLICIA LOCAL PRESENTA SU NUEVO AGENTE"},"content":{"rendered":"\n<p>Desde el pasado d\u00eda 1 de marzo, Villanueva de la Reina cuenta con un nuevo agente en la Polic\u00eda Local.<\/p>\n\n\n\n<p>A primera hora de la ma\u00f1ana, Maria Elena S. L., tom\u00f3 posesi\u00f3n como funcionaria de carrera en el ayuntamiento de Villanueva de la Reina.<\/p>\n\n\n\n<p>Una vez finalizada las practicas y su etapa de formaci\u00f3n en la Escuela de Seguridad Publica de Andaluc\u00eda, el tribunal del proceso selectivo, propuso su nombramiento a la alcald\u00eda, acto que tuvo lugar en la sala de juntas ante el alcalde, Blas Alves, la concejal delegada de personal Paula G\u00f3mez, miembros de la Polic\u00eda Local y sargento de la Guardia Civil, y familiares de la nueva funcionaria.<\/p>\n\n\n\n<p>La nueva funcionaria juro el cargo y al alcalde hizo entrega del acta, dese\u00e1ndole suerte en el desempe\u00f1o de la funci\u00f3n p\u00fablica y el servicio que prestar\u00e1 desde ese mismo momento en nuestra localidad.<\/p>\n\n\n\n<figure class=\"wp-block-image size-large\"><img loading=\"lazy\" width=\"1024\" height=\"461\" src=\"https:\/\/vreina.smartown.es\/wp-content\/uploads\/2024\/03\/WhatsApp-Image-2024-03-01-at-18.24.57-1024x461.jpeg\" alt=\"\" class=\"wp-image-9572\" srcset=\"https:\/\/vreina.smartown.es\/wp-content\/uploads\/2024\/03\/WhatsApp-Image-2024-03-01-at-18.24.57-1024x461.jpeg 1024w, https:\/\/vreina.smartown.es\/wp-content\/uploads\/2024\/03\/WhatsApp-Image-2024-03-01-at-18.24.57-300x135.jpeg 300w, https:\/\/vreina.smartown.es\/wp-content\/uploads\/2024\/03\/WhatsApp-Image-2024-03-01-at-18.24.57-768x346.jpeg 768w, https:\/\/vreina.smartown.es\/wp-content\/uploads\/2024\/03\/WhatsApp-Image-2024-03-01-at-18.24.57-1536x691.jpeg 1536w, https:\/\/vreina.smartown.es\/wp-content\/uploads\/2024\/03\/WhatsApp-Image-2024-03-01-at-18.24.57-640x288.jpeg 640w, https:\/\/vreina.smartown.es\/wp-content\/uploads\/2024\/03\/WhatsApp-Image-2024-03-01-at-18.24.57-1200x540.jpeg 1200w, https:\/\/vreina.smartown.es\/wp-content\/uploads\/2024\/03\/WhatsApp-Image-2024-03-01-at-18.24.57.jpeg 1600w\" sizes=\"(max-width: 639px) 98vw, (max-width: 1199px) 64vw, 770px\" \/><\/figure>\n\n\n\n<figure class=\"wp-block-image size-full\"><img loading=\"lazy\" width=\"686\" height=\"573\" src=\"https:\/\/vreina.smartown.es\/wp-content\/uploads\/2024\/03\/copia-firma.jpeg\" alt=\"\" class=\"wp-image-9569\" srcset=\"https:\/\/vreina.smartown.es\/wp-content\/uploads\/2024\/03\/copia-firma.jpeg 686w, https:\/\/vreina.smartown.es\/wp-content\/uploads\/2024\/03\/copia-firma-300x251.jpeg 300w, https:\/\/vreina.smartown.es\/wp-content\/uploads\/2024\/03\/copia-firma-640x535.jpeg 640w\" sizes=\"(max-width: 639px) 98vw, (max-width: 1199px) 64vw, 686px\" \/><\/figure>\n\n\n\n<figure class=\"wp-block-image size-large\"><img loading=\"lazy\" width=\"1024\" height=\"768\" src=\"https:\/\/vreina.smartown.es\/wp-content\/uploads\/2024\/03\/IMG_5006-1024x768.jpg\" alt=\"\" class=\"wp-image-9570\" srcset=\"https:\/\/vreina.smartown.es\/wp-content\/uploads\/2024\/03\/IMG_5006-1024x768.jpg 1024w, https:\/\/vreina.smartown.es\/wp-content\/uploads\/2024\/03\/IMG_5006-300x225.jpg 300w, https:\/\/vreina.smartown.es\/wp-content\/uploads\/2024\/03\/IMG_5006-768x576.jpg 768w, https:\/\/vreina.smartown.es\/wp-content\/uploads\/2024\/03\/IMG_5006-1536x1152.jpg 1536w, https:\/\/vreina.smartown.es\/wp-content\/uploads\/2024\/03\/IMG_5006-640x480.jpg 640w, https:\/\/vreina.smartown.es\/wp-content\/uploads\/2024\/03\/IMG_5006-1200x900.jpg 1200w, https:\/\/vreina.smartown.es\/wp-content\/uploads\/2024\/03\/IMG_5006-1920x1440.jpg 1920w, https:\/\/vreina.smartown.es\/wp-content\/uploads\/2024\/03\/IMG_5006.jpg 2016w\" sizes=\"(max-width: 639px) 98vw, (max-width: 1199px) 64vw, 770px\" \/><\/figure>\n\n\n\n<figure class=\"wp-block-image size-large\"><img loading=\"lazy\" width=\"1024\" height=\"768\" src=\"https:\/\/vreina.smartown.es\/wp-content\/uploads\/2024\/03\/IMG_5009-1024x768.jpg\" alt=\"\" class=\"wp-image-9571\" srcset=\"https:\/\/vreina.smartown.es\/wp-content\/uploads\/2024\/03\/IMG_5009-1024x768.jpg 1024w, https:\/\/vreina.smartown.es\/wp-content\/uploads\/2024\/03\/IMG_5009-300x225.jpg 300w, https:\/\/vreina.smartown.es\/wp-content\/uploads\/2024\/03\/IMG_5009-768x576.jpg 768w, https:\/\/vreina.smartown.es\/wp-content\/uploads\/2024\/03\/IMG_5009-1536x1152.jpg 1536w, https:\/\/vreina.smartown.es\/wp-content\/uploads\/2024\/03\/IMG_5009-640x480.jpg 640w, https:\/\/vreina.smartown.es\/wp-content\/uploads\/2024\/03\/IMG_5009-1200x900.jpg 1200w, https:\/\/vreina.smartown.es\/wp-content\/uploads\/2024\/03\/IMG_5009-1920x1440.jpg 1920w, https:\/\/vreina.smartown.es\/wp-content\/uploads\/2024\/03\/IMG_5009.jpg 2016w\" sizes=\"(max-width: 639px) 98vw, (max-width: 1199px) 64vw, 770px\" \/><\/figure>\n","protected":false},"excerpt":{"rendered":"<p>Desde el pasado d\u00eda 1 de marzo, Villanueva de la Reina cuenta con un nuevo agente en la Polic\u00eda Local. A primera hora de la ma\u00f1ana, Maria Elena S. L., tom\u00f3 posesi\u00f3n como funcionaria de carrera en el ayuntamiento de Villanueva de la Reina. Una vez finalizada las practicas y su etapa de formaci\u00f3n en [&hellip;]<\/p>\n","protected":false},"author":43,"featured_media":9569,"comment_status":"open","ping_status":"open","sticky":false,"template":"","format":"standard","meta":[],"categories":[1],"tags":[],"_links":{"self":[{"href":"https:\/\/vreina.smartown.es\/SI2API\/wp\/v2\/posts\/9568"}],"collection":[{"href":"https:\/\/vreina.smartown.es\/SI2API\/wp\/v2\/posts"}],"about":[{"href":"https:\/\/vreina.smartown.es\/SI2API\/wp\/v2\/types\/post"}],"author":[{"embeddable":true,"href":"https:\/\/vreina.smartown.es\/SI2API\/wp\/v2\/users\/43"}],"replies":[{"embeddable":true,"href":"https:\/\/vreina.smartown.es\/SI2API\/wp\/v2\/comments?post=9568"}],"version-history":[{"count":1,"href":"https:\/\/vreina.smartown.es\/SI2API\/wp\/v2\/posts\/9568\/revisions"}],"predecessor-version":[{"id":9573,"href":"https:\/\/vreina.smartown.es\/SI2API\/wp\/v2\/posts\/9568\/revisions\/9573"}],"wp:featuredmedia":[{"embeddable":true,"href":"https:\/\/vreina.smartown.es\/SI2API\/wp\/v2\/media\/9569"}],"wp:attachment":[{"href":"https:\/\/vreina.smartown.es\/SI2API\/wp\/v2\/media?parent=9568"}],"wp:term":[{"taxonomy":"category","embeddable":true,"href":"https:\/\/vreina.smartown.es\/SI2API\/wp\/v2\/categories?post=9568"},{"taxonomy":"post_tag","embeddable":true,"href":"https:\/\/vreina.smartown.es\/SI2API\/wp\/v2\/tags?post=9568"}],"curies":[{"name":"wp","href":"https:\/\/api.w.org\/{rel}","templated":true}]}}