{"id":9854,"date":"2024-06-13T20:17:28","date_gmt":"2024-06-13T18:17:28","guid":{"rendered":"https:\/\/vreina.smartown.es\/?p=9854"},"modified":"2024-06-13T20:20:52","modified_gmt":"2024-06-13T18:20:52","slug":"asfaltado-de-la-carretera-de-plomeros","status":"publish","type":"post","link":"https:\/\/vreina.smartown.es\/asfaltado-de-la-carretera-de-plomeros\/","title":{"rendered":"ASFALTADO DE LA CARRETERA DE PLOMEROS"},"content":{"rendered":"\n<p>La Diputaci\u00f3n Provincial de Ja\u00e9n ejecuta el proyecto de un nuevo firme para la JV 5013<\/p>\n\n\n\n<p>Jos\u00e9 Luis Agea, diputado provincial de infraestructuras, junto al alcalde de la localidad, Blas Alves y la tte de alcalde, Paula G\u00f3mez, han visitado la obra que se encuentra al 95 % de su ejecuci\u00f3n. <\/p>\n\n\n\n<p>La actuaci\u00f3n pretende la mejora del drenaje, tanto longitudinal como transversal, protegiendo la plataforma existente de la carretera, as\u00ed como la excavaci\u00f3n y saneo de varios tramos puntuales para posterior refuerzo y mejora de la superficie de rodadura con un doble tratamiento superficial asf\u00e1ltico.<\/p>\n\n\n\n<p>Con una inversi\u00f3n total de 247.658 euros, dar\u00e1 a esta importante v\u00eda la seguridad que necesitan agricultores y titulares de las industrias olivareras existentes en la zona.<\/p>\n\n\n\n<figure class=\"wp-block-video\"><video controls src=\"https:\/\/vreina.smartown.es\/wp-content\/uploads\/2024\/06\/CTRA-PLOMEROS.mp4\"><\/video><\/figure>\n","protected":false},"excerpt":{"rendered":"<p>La Diputaci\u00f3n Provincial de Ja\u00e9n ejecuta el proyecto de un nuevo firme para la JV 5013 Jos\u00e9 Luis Agea, diputado provincial de infraestructuras, junto al alcalde de la localidad, Blas Alves y la tte de alcalde, Paula G\u00f3mez, han visitado la obra que se encuentra al 95 % de su ejecuci\u00f3n. La actuaci\u00f3n pretende la [&hellip;]<\/p>\n","protected":false},"author":43,"featured_media":9857,"comment_status":"open","ping_status":"open","sticky":false,"template":"","format":"standard","meta":[],"categories":[1],"tags":[],"_links":{"self":[{"href":"https:\/\/vreina.smartown.es\/SI2API\/wp\/v2\/posts\/9854"}],"collection":[{"href":"https:\/\/vreina.smartown.es\/SI2API\/wp\/v2\/posts"}],"about":[{"href":"https:\/\/vreina.smartown.es\/SI2API\/wp\/v2\/types\/post"}],"author":[{"embeddable":true,"href":"https:\/\/vreina.smartown.es\/SI2API\/wp\/v2\/users\/43"}],"replies":[{"embeddable":true,"href":"https:\/\/vreina.smartown.es\/SI2API\/wp\/v2\/comments?post=9854"}],"version-history":[{"count":1,"href":"https:\/\/vreina.smartown.es\/SI2API\/wp\/v2\/posts\/9854\/revisions"}],"predecessor-version":[{"id":9856,"href":"https:\/\/vreina.smartown.es\/SI2API\/wp\/v2\/posts\/9854\/revisions\/9856"}],"wp:featuredmedia":[{"embeddable":true,"href":"https:\/\/vreina.smartown.es\/SI2API\/wp\/v2\/media\/9857"}],"wp:attachment":[{"href":"https:\/\/vreina.smartown.es\/SI2API\/wp\/v2\/media?parent=9854"}],"wp:term":[{"taxonomy":"category","embeddable":true,"href":"https:\/\/vreina.smartown.es\/SI2API\/wp\/v2\/categories?post=9854"},{"taxonomy":"post_tag","embeddable":true,"href":"https:\/\/vreina.smartown.es\/SI2API\/wp\/v2\/tags?post=9854"}],"curies":[{"name":"wp","href":"https:\/\/api.w.org\/{rel}","templated":true}]}}